{"id":9407,"date":"2017-05-03T23:40:11","date_gmt":"2017-05-04T04:40:11","guid":{"rendered":"http:\/\/elinformanteperu.com\/?p=9407"},"modified":"2017-05-03T23:40:11","modified_gmt":"2017-05-04T04:40:11","slug":"mira-el-trailer-de-la-proxima-pelea-de-maicelo-en-el-madison-square-garden","status":"publish","type":"post","link":"https:\/\/elinformanteperu.com\/index.php\/2017\/05\/03\/mira-el-trailer-de-la-proxima-pelea-de-maicelo-en-el-madison-square-garden\/","title":{"rendered":"Mira el tr\u00e1iler de la pr\u00f3xima pelea de Maicelo en el Madison Square Garden"},"content":{"rendered":"<p><strong><span style=\"color: #000000;\">A falta de 17 d\u00edas para la pelea del boxeador peruano Jonathan Maicelo en el Madison Square Garden, se present\u00f3 el tr\u00e1iler del combate que sostendr\u00e1 con el pugilista mexicano Ray Beltr\u00e1n.<\/span><\/strong><\/p>\n<p><span style=\"color: #000000;\"><strong>Nueva York, 03 Mayo 2017, (ANDINA).-<\/strong> A falta de 17 d\u00edas para la pelea del boxeador peruano Jonathan Maicelo en el Madison Square Garden de Nueva York, se present\u00f3 el tr\u00e1iler del combate \u2013cuyo contenido despierta emoci\u00f3n y genera expectativa\u2013 que sostendr\u00e1 con el pugilista mexicano Ray Beltr\u00e1n.<\/span><\/p>\n<p><span style=\"color: #000000;\">El video de 46 segundos titulado \u00ab\u00daltimo Inca\u00bb muestra a Jonathan Maicelo muy concentrado en la eliminatoria por el t\u00edtulo mundial de los pesos ligeros de la Organizaci\u00f3n Mundial de Boxeo (OMB).<\/span><\/p>\n<p><span style=\"color: #000000;\">La Cobra, como se le conoce, se comprometi\u00f3 a dejar todo su esfuerzo el pr\u00f3ximo 20 de mayo en el cuadril\u00e1tero del pabell\u00f3n deportivo multiusos situado en el distrito de Manhattan (Nueva York), Madison Square Garden.<\/span><\/p>\n<p><span style=\"color: #000000;\">Como se recuerda, Jonathan Maicelo venci\u00f3 el pasado 18 de febrero al mexicano Jos\u00e9 F\u00e9lix, quien llegaba como favorito a la contienda.<\/span><\/p>\n<p><iframe style=\"border: none; overflow: hidden;\" src=\"https:\/\/www.facebook.com\/plugins\/video.php?href=https%3A%2F%2Fwww.facebook.com%2Farturo.barrientos.37%2Fvideos%2Fvb.1469645637%2F10213326863033961%2F%3Ftype%3D3&amp;show_text=0&amp;width=560\" width=\"560\" height=\"315\" frameborder=\"0\" scrolling=\"no\" allowfullscreen=\"allowfullscreen\"><\/iframe><\/p>\n","protected":false},"excerpt":{"rendered":"<p>A falta de 17 d\u00edas para la pelea del boxeador peruano Jonathan Maicelo en el Madison Square Garden, se present\u00f3 el tr\u00e1iler del combate que sostendr\u00e1 con el pugilista mexicano Ray Beltr\u00e1n. Nueva York, 03 Mayo 2017, (ANDINA).- A falta de 17 d\u00edas para la pelea del boxeador peruano Jonathan Maicelo en el Madison Square [&hellip;]<\/p>\n","protected":false},"author":1,"featured_media":9408,"comment_status":"open","ping_status":"open","sticky":false,"template":"","format":"standard","meta":{"rop_custom_images_group":[],"rop_custom_messages_group":[],"rop_publish_now":"initial","rop_publish_now_accounts":[],"rop_publish_now_history":[],"rop_publish_now_status":"pending","footnotes":""},"categories":[8],"tags":[1305],"class_list":["post-9407","post","type-post","status-publish","format-standard","has-post-thumbnail","hentry","category-disciplinas-deportivas","tag-jonathan-maicelo"],"_links":{"self":[{"href":"https:\/\/elinformanteperu.com\/index.php\/wp-json\/wp\/v2\/posts\/9407","targetHints":{"allow":["GET"]}}],"collection":[{"href":"https:\/\/elinformanteperu.com\/index.php\/wp-json\/wp\/v2\/posts"}],"about":[{"href":"https:\/\/elinformanteperu.com\/index.php\/wp-json\/wp\/v2\/types\/post"}],"author":[{"embeddable":true,"href":"https:\/\/elinformanteperu.com\/index.php\/wp-json\/wp\/v2\/users\/1"}],"replies":[{"embeddable":true,"href":"https:\/\/elinformanteperu.com\/index.php\/wp-json\/wp\/v2\/comments?post=9407"}],"version-history":[{"count":1,"href":"https:\/\/elinformanteperu.com\/index.php\/wp-json\/wp\/v2\/posts\/9407\/revisions"}],"predecessor-version":[{"id":9409,"href":"https:\/\/elinformanteperu.com\/index.php\/wp-json\/wp\/v2\/posts\/9407\/revisions\/9409"}],"wp:featuredmedia":[{"embeddable":true,"href":"https:\/\/elinformanteperu.com\/index.php\/wp-json\/wp\/v2\/media\/9408"}],"wp:attachment":[{"href":"https:\/\/elinformanteperu.com\/index.php\/wp-json\/wp\/v2\/media?parent=9407"}],"wp:term":[{"taxonomy":"category","embeddable":true,"href":"https:\/\/elinformanteperu.com\/index.php\/wp-json\/wp\/v2\/categories?post=9407"},{"taxonomy":"post_tag","embeddable":true,"href":"https:\/\/elinformanteperu.com\/index.php\/wp-json\/wp\/v2\/tags?post=9407"}],"curies":[{"name":"wp","href":"https:\/\/api.w.org\/{rel}","templated":true}]}}