{"id":9395,"date":"2017-05-03T22:19:29","date_gmt":"2017-05-04T03:19:29","guid":{"rendered":"http:\/\/elinformanteperu.com\/?p=9395"},"modified":"2017-05-03T22:19:29","modified_gmt":"2017-05-04T03:19:29","slug":"viceministro-de-cultura-participo-de-la-fiesta-central-del-senor-de-muruhuay","status":"publish","type":"post","link":"https:\/\/elinformanteperu.com\/index.php\/2017\/05\/03\/viceministro-de-cultura-participo-de-la-fiesta-central-del-senor-de-muruhuay\/","title":{"rendered":"Viceministro de Cultura particip\u00f3 de la fiesta central del Se\u00f1or de Muruhuay"},"content":{"rendered":"<p><strong><span style=\"color: #000000;\">El representante del Ministerio de Cultura acompa\u00f1\u00f3 a la comunidad de Acobamba en la entrega de la declaratoria de Patrimonio Cultural de la Naci\u00f3n al evento lit\u00fargico. <\/span><\/strong><\/p>\n<p><span style=\"color: #000000;\"><strong>Lima, 03 Mayo 2017, (El Informante Per\u00fa).-<\/strong> Como parte de la ceremonia por el d\u00eda central de la festividad del Se\u00f1or de Muruhuay, cada 3 de mayo en el distrito de Acobamba, Jun\u00edn; el viceministro de Patrimonio Cultural, Jorge Arrun\u00e1tegui, entreg\u00f3 la declaratoria de la festividad como Patrimonio Cultural de la Naci\u00f3n.<\/span><\/p>\n<p><span style=\"color: #000000;\">\u201cDebemos estar muy orgullosos de haber fortalecido esta festividad, logrando que trascienda en el tiempo, sin perder su riqueza original. Pese a la modernizaci\u00f3n, no ha perdido su identidad\u201d, agreg\u00f3 el viceministro Arrun\u00e1tegui.<\/span><\/p>\n<p><span style=\"color: #000000;\">Se recuerda que recientemente se oficializ\u00f3 a trav\u00e9s de la Resoluci\u00f3n Viceministerial N\u00b0 067-2017-VMPCIC-MC publicada en normas legales del diario oficial El Peruano, la declaratoria como Patrimonio Cultural de la Naci\u00f3n a la Festividad del Se\u00f1or de Muruhuay, debido a su relevancia hist\u00f3rica y religiosa, por ser una importante manifestaci\u00f3n de la fe cristiana en el pa\u00eds.<\/span><\/p>\n<p><span style=\"color: #000000;\">\u201cAl declarar a las festividades del Se\u00f1or de Muruhuay como Patrimonio Cultural de la Naci\u00f3n, tambi\u00e9n tenemos una importante responsabilidad la cual es mantener la autenticidad de estas fiestas durante todo el a\u00f1o, haci\u00e9ndonos sentir orgullosos de ser peruanos\u201d, concluy\u00f3.<\/span><\/p>\n<p><span style=\"color: #000000;\">Por otro lado, el alcalde del centro poblado de Muruhuay, Alex Avellaneda, dio por formalizada la Resoluci\u00f3n de la Festividad como Patrimonio Cultural de la Naci\u00f3n frente a los peregrinos y pobladores. Evento que finaliz\u00f3 con la presentaci\u00f3n de agrupaciones de danzantes de chonguinada provenientes Santiago de Coto.<\/span><\/p>\n<p><strong><span style=\"color: #000000;\">El dato<\/span><\/strong><\/p>\n<p><span style=\"color: #000000;\">La Festividad del Se\u00f1or de Muruhuay, se celebra a inicios del mes de mayo en el sitio de Muruhuay, en el distrito de Acobamba, provincia de Tarma, donde se encuentra su santuario, resguardando a la imagen que es objeto de adoraci\u00f3n. Adem\u00e1s tiene una duraci\u00f3n de 45 d\u00edas de festividad.<\/span><\/p>\n","protected":false},"excerpt":{"rendered":"<p>El representante del Ministerio de Cultura acompa\u00f1\u00f3 a la comunidad de Acobamba en la entrega de la declaratoria de Patrimonio Cultural de la Naci\u00f3n al evento lit\u00fargico. Lima, 03 Mayo 2017, (El Informante Per\u00fa).- Como parte de la ceremonia por el d\u00eda central de la festividad del Se\u00f1or de Muruhuay, cada 3 de mayo en [&hellip;]<\/p>\n","protected":false},"author":1,"featured_media":9396,"comment_status":"open","ping_status":"open","sticky":false,"template":"","format":"standard","meta":{"rop_custom_images_group":[],"rop_custom_messages_group":[],"rop_publish_now":"initial","rop_publish_now_accounts":[],"rop_publish_now_history":[],"rop_publish_now_status":"pending","footnotes":""},"categories":[10],"tags":[1504,105],"class_list":["post-9395","post","type-post","status-publish","format-standard","has-post-thumbnail","hentry","category-actualidad-municipal","tag-jorge-arrunategui","tag-ministerio-de-cultura"],"_links":{"self":[{"href":"https:\/\/elinformanteperu.com\/index.php\/wp-json\/wp\/v2\/posts\/9395","targetHints":{"allow":["GET"]}}],"collection":[{"href":"https:\/\/elinformanteperu.com\/index.php\/wp-json\/wp\/v2\/posts"}],"about":[{"href":"https:\/\/elinformanteperu.com\/index.php\/wp-json\/wp\/v2\/types\/post"}],"author":[{"embeddable":true,"href":"https:\/\/elinformanteperu.com\/index.php\/wp-json\/wp\/v2\/users\/1"}],"replies":[{"embeddable":true,"href":"https:\/\/elinformanteperu.com\/index.php\/wp-json\/wp\/v2\/comments?post=9395"}],"version-history":[{"count":1,"href":"https:\/\/elinformanteperu.com\/index.php\/wp-json\/wp\/v2\/posts\/9395\/revisions"}],"predecessor-version":[{"id":9397,"href":"https:\/\/elinformanteperu.com\/index.php\/wp-json\/wp\/v2\/posts\/9395\/revisions\/9397"}],"wp:featuredmedia":[{"embeddable":true,"href":"https:\/\/elinformanteperu.com\/index.php\/wp-json\/wp\/v2\/media\/9396"}],"wp:attachment":[{"href":"https:\/\/elinformanteperu.com\/index.php\/wp-json\/wp\/v2\/media?parent=9395"}],"wp:term":[{"taxonomy":"category","embeddable":true,"href":"https:\/\/elinformanteperu.com\/index.php\/wp-json\/wp\/v2\/categories?post=9395"},{"taxonomy":"post_tag","embeddable":true,"href":"https:\/\/elinformanteperu.com\/index.php\/wp-json\/wp\/v2\/tags?post=9395"}],"curies":[{"name":"wp","href":"https:\/\/api.w.org\/{rel}","templated":true}]}}