{"id":93879,"date":"2021-03-08T20:55:51","date_gmt":"2021-03-09T01:55:51","guid":{"rendered":"https:\/\/elinformanteperu.com\/?p=93879"},"modified":"2021-03-08T20:55:51","modified_gmt":"2021-03-09T01:55:51","slug":"cusco-firman-convenio-marco-y-provincia-de-chumbivilcas-recibira-s-53-millones","status":"publish","type":"post","link":"https:\/\/elinformanteperu.com\/index.php\/2021\/03\/08\/cusco-firman-convenio-marco-y-provincia-de-chumbivilcas-recibira-s-53-millones\/","title":{"rendered":"Cusco: firman convenio marco y provincia de Chumbivilcas recibir\u00e1 S\/ 53 millones"},"content":{"rendered":"<p><strong><span style=\"color: #000000;\">Minera Hudbay Minerals y dirigentes de la provincia cusque\u00f1a firmaron acuerdo con participaci\u00f3n del Minem<\/span><\/strong><\/p>\n<p><span style=\"color: #000000;\"><strong>Lima, 08 de Marzo 2021, (ANDINA).-<\/strong> Las autoridades y dirigentes de la provincia cusque\u00f1a de Chumbivilcas y los representantes de la empresa minera Hudbay Minerals suscribieron hoy el esperado Convenio Marco, que impulsar\u00e1 un mayor desarrollo y bienestar en la localidad, anunci\u00f3 el Ministerio de Energ\u00eda y Minas (Minem).<\/span><\/p>\n<p><span style=\"color: #000000;\">Tras destacar que la firma de este acuerdo es producto de la intermediaci\u00f3n y facilitaci\u00f3n del di\u00e1logo realizada por el Minem y la Presidencia del Consejo de Ministros (PCM), el ministro de Energ\u00eda y Minas, Jaime G\u00e1lvez Delgado, afirm\u00f3 que la firma del convenio fue el resultado de un di\u00e1logo prolongado, que en su \u00faltima etapa se desarroll\u00f3 de forma virtual, en el que la empresa y los ciudadanos pusieron todo su esfuerzo para alcanzar consensos.<\/span><\/p>\n<p><span style=\"color: #000000;\">\u00abEs importante para el pa\u00eds que haya paz y desarrollo en las zonas mineras, y eso es posible cuando trabajan juntos el Estado, la empresa y las comunidades\u00bb, manifest\u00f3 el ministro, quien destac\u00f3 el consenso alcanzado para permitir la implementaci\u00f3n de este acuerdo suscrito hoy en el distrito de Capacmarca.<\/span><\/p>\n<p><span style=\"color: #000000;\">El Convenio Marco de Chumbivilcas comprende una contribuci\u00f3n econ\u00f3mica de 11 millones de soles: 4.5 millones ser\u00e1n destinados a financiar proyectos y actividades en beneficio de la provincia; 1.5 millones ir\u00e1n a la compra de equipos e implementos para fortalecer la lucha contra la pandemia del coronavirus.<\/span><\/p>\n<p><span style=\"color: #000000;\">En tanto, con los 5 millones de soles restantes se financiar\u00e1 la elaboraci\u00f3n de perfiles y\/o expedientes t\u00e9cnicos de proyectos para el cierre de brechas sociales en todos los distritos de Chumbivilcas.<\/span><\/p>\n<p><span style=\"color: #000000;\">De forma adicional, se contempla un fondo revolvente de 42 millones de soles para ejecutar proyectos bajo la modalidad Obras por Impuestos (OxI), sin afectar el presupuesto de la provincia.<\/span><\/p>\n<p><span style=\"color: #000000;\">\u201cEl compromiso de la empresa es el de destinar un beneficio econ\u00f3mico de 53 millones de soles para el desarrollo y ejecuci\u00f3n de proyectos prioritarios que mejoren la calidad de vida y las oportunidades de las familias chumbivilcanas\u201d acot\u00f3 el ministro.<\/span><\/p>\n<p><span style=\"color: #000000;\">Adem\u00e1s de los recursos econ\u00f3micos, la empresa implementar\u00e1 una oficina de enlace de gesti\u00f3n de proyectos y de capacitaci\u00f3n para los gobiernos locales de Chumbivilcas, brindando apoyo en la b\u00fasqueda de financiamiento de proyectos aprobados y priorizados por las municipalidades distritales y provinciales.<\/span><\/p>\n<p><span style=\"color: #000000;\">El convenio tiene vigencia por un a\u00f1o y ambas partes se han comprometido a revisar sus resultados en el \u00faltimo bimestre del 2021.<\/span><\/p>\n","protected":false},"excerpt":{"rendered":"<p>Minera Hudbay Minerals y dirigentes de la provincia cusque\u00f1a firmaron acuerdo con participaci\u00f3n del Minem Lima, 08 de Marzo 2021, (ANDINA).- Las autoridades y dirigentes de la provincia cusque\u00f1a de Chumbivilcas y los representantes de la empresa minera Hudbay Minerals suscribieron hoy el esperado Convenio Marco, que impulsar\u00e1 un mayor desarrollo y bienestar en la [&hellip;]<\/p>\n","protected":false},"author":1,"featured_media":93880,"comment_status":"closed","ping_status":"closed","sticky":false,"template":"","format":"standard","meta":{"rop_custom_images_group":[],"rop_custom_messages_group":[],"rop_publish_now":"initial","rop_publish_now_accounts":[],"rop_publish_now_history":[],"rop_publish_now_status":"pending","footnotes":""},"categories":[10],"tags":[598,1226,6412,6230,5202,322],"class_list":["post-93879","post","type-post","status-publish","format-standard","has-post-thumbnail","hentry","category-actualidad-municipal","tag-chumbivilcas","tag-cusco","tag-hudbay-minerals","tag-jaime-galvez-delgado","tag-minem","tag-ministerio-de-energia-y-minas"],"_links":{"self":[{"href":"https:\/\/elinformanteperu.com\/index.php\/wp-json\/wp\/v2\/posts\/93879","targetHints":{"allow":["GET"]}}],"collection":[{"href":"https:\/\/elinformanteperu.com\/index.php\/wp-json\/wp\/v2\/posts"}],"about":[{"href":"https:\/\/elinformanteperu.com\/index.php\/wp-json\/wp\/v2\/types\/post"}],"author":[{"embeddable":true,"href":"https:\/\/elinformanteperu.com\/index.php\/wp-json\/wp\/v2\/users\/1"}],"replies":[{"embeddable":true,"href":"https:\/\/elinformanteperu.com\/index.php\/wp-json\/wp\/v2\/comments?post=93879"}],"version-history":[{"count":1,"href":"https:\/\/elinformanteperu.com\/index.php\/wp-json\/wp\/v2\/posts\/93879\/revisions"}],"predecessor-version":[{"id":93881,"href":"https:\/\/elinformanteperu.com\/index.php\/wp-json\/wp\/v2\/posts\/93879\/revisions\/93881"}],"wp:featuredmedia":[{"embeddable":true,"href":"https:\/\/elinformanteperu.com\/index.php\/wp-json\/wp\/v2\/media\/93880"}],"wp:attachment":[{"href":"https:\/\/elinformanteperu.com\/index.php\/wp-json\/wp\/v2\/media?parent=93879"}],"wp:term":[{"taxonomy":"category","embeddable":true,"href":"https:\/\/elinformanteperu.com\/index.php\/wp-json\/wp\/v2\/categories?post=93879"},{"taxonomy":"post_tag","embeddable":true,"href":"https:\/\/elinformanteperu.com\/index.php\/wp-json\/wp\/v2\/tags?post=93879"}],"curies":[{"name":"wp","href":"https:\/\/api.w.org\/{rel}","templated":true}]}}