{"id":93873,"date":"2021-03-08T20:49:00","date_gmt":"2021-03-09T01:49:00","guid":{"rendered":"https:\/\/elinformanteperu.com\/?p=93873"},"modified":"2021-03-08T23:55:44","modified_gmt":"2021-03-09T04:55:44","slug":"la-libertad-municipio-de-sanchez-carrion-suspende-atencion-presencial-2","status":"publish","type":"post","link":"https:\/\/elinformanteperu.com\/index.php\/2021\/03\/08\/la-libertad-municipio-de-sanchez-carrion-suspende-atencion-presencial-2\/","title":{"rendered":"Procuradur\u00eda del MTC: arbitraje por la v\u00eda Moquegua-Omate-Arequipa sigue en curso"},"content":{"rendered":"<p><span style=\"color: #000000;\"><strong>Lima, 08 de Marzo 2021, (ANDINA).-<\/strong> El proceso arbitral por la obra de la v\u00eda Moquegua-Omate-Arequipa contin\u00faa en tr\u00e1mite ante el centro de arbitraje de la Pontificia Universidad Cat\u00f3lica del Per\u00fa (PUCP), que hasta la fecha no ha emitido todav\u00eda su decisi\u00f3n final, precis\u00f3 la Procuradur\u00eda P\u00fablica del Ministerio de Transportes y Comunicaciones (MTC).<\/span><\/p>\n<p><span style=\"color: #000000;\">De esta manera, mediante un comunicado aclara \u2013seg\u00fan puntualiza\u2013 las versiones inexactas propaladas por algunos medios de comunicaci\u00f3n que indican que el arbitraje habr\u00eda concluido con resultado desfavorable al MTC.<\/span><\/p>\n<p><span style=\"color: #000000;\">Se\u00f1ala que las diferentes actuaciones en el proceso de arbitraje se llevan a cabo con normalidad. Como parte de ello, a\u00f1ade, est\u00e1 pendiente la realizaci\u00f3n de una audiencia en la que las partes expondr\u00e1n ante el colegiado arbitral sus argumentos y posturas en relaci\u00f3n con las controversias de la obra vial.<\/span><\/p>\n<p><span style=\"color: #000000;\">Este proceso es uno de los casos m\u00e1s importantes que la Procuradur\u00eda del MTC tiene en curso. Por ello, junto con el equipo de abogados e ingenieros de la instituci\u00f3n, ejerce la defensa de los intereses del Estado.<\/span><\/p>\n","protected":false},"excerpt":{"rendered":"<p>Lima, 08 de Marzo 2021, (ANDINA).- El proceso arbitral por la obra de la v\u00eda Moquegua-Omate-Arequipa contin\u00faa en tr\u00e1mite ante el centro de arbitraje de la Pontificia Universidad Cat\u00f3lica del Per\u00fa (PUCP), que hasta la fecha no ha emitido todav\u00eda su decisi\u00f3n final, precis\u00f3 la Procuradur\u00eda P\u00fablica del Ministerio de Transportes y Comunicaciones (MTC). De [&hellip;]<\/p>\n","protected":false},"author":1,"featured_media":38659,"comment_status":"closed","ping_status":"closed","sticky":false,"template":"","format":"standard","meta":{"rop_custom_images_group":[],"rop_custom_messages_group":[],"rop_publish_now":"initial","rop_publish_now_accounts":[],"rop_publish_now_history":[],"rop_publish_now_status":"pending","footnotes":""},"categories":[10],"tags":[318,317,2827],"class_list":["post-93873","post","type-post","status-publish","format-standard","has-post-thumbnail","hentry","category-actualidad-municipal","tag-ministerio-de-transportes-y-comunicaciones","tag-mtc","tag-pucp"],"_links":{"self":[{"href":"https:\/\/elinformanteperu.com\/index.php\/wp-json\/wp\/v2\/posts\/93873","targetHints":{"allow":["GET"]}}],"collection":[{"href":"https:\/\/elinformanteperu.com\/index.php\/wp-json\/wp\/v2\/posts"}],"about":[{"href":"https:\/\/elinformanteperu.com\/index.php\/wp-json\/wp\/v2\/types\/post"}],"author":[{"embeddable":true,"href":"https:\/\/elinformanteperu.com\/index.php\/wp-json\/wp\/v2\/users\/1"}],"replies":[{"embeddable":true,"href":"https:\/\/elinformanteperu.com\/index.php\/wp-json\/wp\/v2\/comments?post=93873"}],"version-history":[{"count":2,"href":"https:\/\/elinformanteperu.com\/index.php\/wp-json\/wp\/v2\/posts\/93873\/revisions"}],"predecessor-version":[{"id":93940,"href":"https:\/\/elinformanteperu.com\/index.php\/wp-json\/wp\/v2\/posts\/93873\/revisions\/93940"}],"wp:featuredmedia":[{"embeddable":true,"href":"https:\/\/elinformanteperu.com\/index.php\/wp-json\/wp\/v2\/media\/38659"}],"wp:attachment":[{"href":"https:\/\/elinformanteperu.com\/index.php\/wp-json\/wp\/v2\/media?parent=93873"}],"wp:term":[{"taxonomy":"category","embeddable":true,"href":"https:\/\/elinformanteperu.com\/index.php\/wp-json\/wp\/v2\/categories?post=93873"},{"taxonomy":"post_tag","embeddable":true,"href":"https:\/\/elinformanteperu.com\/index.php\/wp-json\/wp\/v2\/tags?post=93873"}],"curies":[{"name":"wp","href":"https:\/\/api.w.org\/{rel}","templated":true}]}}