{"id":93843,"date":"2021-03-07T15:24:35","date_gmt":"2021-03-07T20:24:35","guid":{"rendered":"https:\/\/elinformanteperu.com\/?p=93843"},"modified":"2021-03-07T15:24:35","modified_gmt":"2021-03-07T20:24:35","slug":"el-martes-empieza-vacunacion-para-adultos-mayores-del-sis-anuncia-jefa-del-gabinete","status":"publish","type":"post","link":"https:\/\/elinformanteperu.com\/index.php\/2021\/03\/07\/el-martes-empieza-vacunacion-para-adultos-mayores-del-sis-anuncia-jefa-del-gabinete\/","title":{"rendered":"El martes empieza vacunaci\u00f3n para adultos mayores del SIS, anuncia jefa del Gabinete"},"content":{"rendered":"<p><strong><span style=\"color: #000000;\">El lunes comienza vacunaci\u00f3n con afiliados a Padomi, de EsSalud, indica<\/span><\/strong><\/p>\n<p><span style=\"color: #000000;\"><strong>Lima, 07 de Marzo 2021, (ANDINA).-<\/strong> La presidenta del Consejo de Ministros, Violeta Berm\u00fadez, asegur\u00f3 que ma\u00f1ana se inicia la vacunaci\u00f3n contra el coronavirus de adultos mayores del programa de Atenci\u00f3n Domiciliaria (Padomi), de EsSalud, y el martes con los adultos mayores de albergues o centro de protecci\u00f3n afiliados al Seguro Integral de Salud (SIS).<\/span><\/p>\n<p><span style=\"color: #000000;\">Indic\u00f3 que progresivamente se empezar\u00e1n a sumar otros grupos de adultos mayores, en forma ordenada y en atenci\u00f3n al lote de dosis que vayan llegando al pa\u00eds.<\/span><\/p>\n<p><span style=\"color: #000000;\">Se empieza con los afiliados al Padomi, seg\u00fan dijo, porque son personas que no se pueden desplazar, raz\u00f3n por la cual EsSalud llegar\u00e1 con sus unidades m\u00f3viles a su domicilio para inmunizarlos, previa coordinaci\u00f3n.<\/span><\/p>\n<p><span style=\"color: #000000;\">\u201cArrancamos con la vacuna Pfizer, que necesita conservar una cadena de frio importante y viene entre 5 a 6 dosis por cada unidad, eso requiere de una log\u00edstica y, como es la primera vez que la aplicamos, hemos preferido hacerlo en grupos concentrados, sacamos las seis dosis y se aplican\u201d, explic\u00f3 en RPP.<\/span><\/p>\n<p><span style=\"color: #000000;\">Reiter\u00f3 que el pr\u00f3ximo mi\u00e9rcoles llegar\u00e1n al pa\u00eds 117,000 dosis adicionales de la vacuna Pfizer, v\u00eda el mecanismo Covax Facility, lo que permitir\u00e1 que en las siguientes semanas se ampli\u00e9 el universo de personas vacunadas de las Fuerzas Armadas y la Polic\u00eda Nacional, en simult\u00e1neo con los adultos mayores.<\/span><\/p>\n<p><span style=\"color: #000000;\">Luego la vacunaci\u00f3n se ampliar\u00e1 a los adultos mayores, como los beneficiarios de Pensi\u00f3n 65, que no tienen ning\u00fan tipo de seguro, en base a un cronograma que ser\u00eda en funci\u00f3n del \u00faltimo d\u00edgito de su Documento Nacional de Identidad (DNI).<\/span><\/p>\n<p><span style=\"color: #000000;\">\u201cEl cronograma de vacunaci\u00f3n se construye, esta semana es una marcha blanca para ver c\u00f3mo funciona el sistema y luego se va cambiando y ampliando a nivel nacional, empezando por lugares que est\u00e1n en riesgo extremo para cortar la cadena de contagio\u201d, apunt\u00f3.<\/span><\/p>\n<p><strong><span style=\"color: #000000;\">Estudios cl\u00ednicos<\/span><\/strong><\/p>\n<p><span style=\"color: #000000;\">La jefa del Gabinete Ministerial, asimismo, dijo que la difusi\u00f3n del estudio cl\u00ednico sobre la efectividad de la vacuna Sinopharm es incompleto, por lo que consider\u00f3 como irresponsable dar cifras aisladas de un estudio de car\u00e1cter general porque se desinforma a la opini\u00f3n p\u00fablica.<\/span><\/p>\n<p><span style=\"color: #000000;\">Sostuvo que es fundamental tener informaci\u00f3n clara y evitar generar preocupaci\u00f3n innecesaria, sobre todo cuando ma\u00f1ana se inicia la vacunaci\u00f3n de adultos mayores, en quienes se genera temor e inseguridad para tomar la decisi\u00f3n de vacunarse.<\/span><\/p>\n<p><span style=\"color: #000000;\">Berm\u00fadez precis\u00f3 que el Estado peruano adquiri\u00f3 vacunas Sinopharm en base a estudios cl\u00ednicos completos en Emiratos \u00c1rabes, donde el grado de eficacia es 79.3 %, y la certificaci\u00f3n de la vacuna en China.<\/span><\/p>\n","protected":false},"excerpt":{"rendered":"<p>El lunes comienza vacunaci\u00f3n con afiliados a Padomi, de EsSalud, indica Lima, 07 de Marzo 2021, (ANDINA).- La presidenta del Consejo de Ministros, Violeta Berm\u00fadez, asegur\u00f3 que ma\u00f1ana se inicia la vacunaci\u00f3n contra el coronavirus de adultos mayores del programa de Atenci\u00f3n Domiciliaria (Padomi), de EsSalud, y el martes con los adultos mayores de albergues [&hellip;]<\/p>\n","protected":false},"author":1,"featured_media":93844,"comment_status":"closed","ping_status":"closed","sticky":false,"template":"","format":"standard","meta":{"rop_custom_images_group":[],"rop_custom_messages_group":[],"rop_publish_now":"initial","rop_publish_now_accounts":[],"rop_publish_now_history":[],"rop_publish_now_status":"pending","footnotes":""},"categories":[5],"tags":[189,6364,2395,6310,1758,5939,6226],"class_list":["post-93843","post","type-post","status-publish","format-standard","has-post-thumbnail","hentry","category-actualidad-informativa","tag-pcm","tag-pfizer","tag-seguro-integral-de-salud","tag-sinopharm","tag-sis","tag-vacunacion","tag-violeta-bermudez"],"_links":{"self":[{"href":"https:\/\/elinformanteperu.com\/index.php\/wp-json\/wp\/v2\/posts\/93843","targetHints":{"allow":["GET"]}}],"collection":[{"href":"https:\/\/elinformanteperu.com\/index.php\/wp-json\/wp\/v2\/posts"}],"about":[{"href":"https:\/\/elinformanteperu.com\/index.php\/wp-json\/wp\/v2\/types\/post"}],"author":[{"embeddable":true,"href":"https:\/\/elinformanteperu.com\/index.php\/wp-json\/wp\/v2\/users\/1"}],"replies":[{"embeddable":true,"href":"https:\/\/elinformanteperu.com\/index.php\/wp-json\/wp\/v2\/comments?post=93843"}],"version-history":[{"count":1,"href":"https:\/\/elinformanteperu.com\/index.php\/wp-json\/wp\/v2\/posts\/93843\/revisions"}],"predecessor-version":[{"id":93845,"href":"https:\/\/elinformanteperu.com\/index.php\/wp-json\/wp\/v2\/posts\/93843\/revisions\/93845"}],"wp:featuredmedia":[{"embeddable":true,"href":"https:\/\/elinformanteperu.com\/index.php\/wp-json\/wp\/v2\/media\/93844"}],"wp:attachment":[{"href":"https:\/\/elinformanteperu.com\/index.php\/wp-json\/wp\/v2\/media?parent=93843"}],"wp:term":[{"taxonomy":"category","embeddable":true,"href":"https:\/\/elinformanteperu.com\/index.php\/wp-json\/wp\/v2\/categories?post=93843"},{"taxonomy":"post_tag","embeddable":true,"href":"https:\/\/elinformanteperu.com\/index.php\/wp-json\/wp\/v2\/tags?post=93843"}],"curies":[{"name":"wp","href":"https:\/\/api.w.org\/{rel}","templated":true}]}}