{"id":93841,"date":"2021-03-07T15:14:45","date_gmt":"2021-03-07T20:14:45","guid":{"rendered":"https:\/\/elinformanteperu.com\/?p=93841"},"modified":"2021-03-07T15:14:45","modified_gmt":"2021-03-07T20:14:45","slug":"la-cifra-repartidora-seguira-creando-mayorias-artificiales-senala-jorge-jauregui","status":"publish","type":"post","link":"https:\/\/elinformanteperu.com\/index.php\/2021\/03\/07\/la-cifra-repartidora-seguira-creando-mayorias-artificiales-senala-jorge-jauregui\/","title":{"rendered":"La cifra repartidora seguir\u00e1 creando mayor\u00edas artificiales, se\u00f1ala Jorge J\u00e1uregui"},"content":{"rendered":"<p><span style=\"color: #000000;\"><strong>Lima, 07 de Marzo 2021, (ANDINA).-<\/strong> El experto en temas electorales, Jorge J\u00e1uregui, advirti\u00f3 que la cifra repartidora, que aplica criterios matem\u00e1ticos para la asignaci\u00f3n de curules en el Congreso, unida a la valla electoral, seguir\u00e1 creando mayor\u00edas artificiales en este poder del Estado.<\/span><\/p>\n<p><span style=\"color: #000000;\">En declaraciones a la Agencia Andina refiri\u00f3 que, gracias a la combinaci\u00f3n de esos factores, una agrupaci\u00f3n, como Fuerza Popular, que alcanz\u00f3 36.338 % de votos v\u00e1lidos en la primera vuelta del 2016, termin\u00f3 con una mayor\u00eda casi absoluta en el Congreso.<\/span><\/p>\n<p><span style=\"color: #000000;\">En ese sentido, consider\u00f3 que la reforma electoral avanz\u00f3 en ciertos aspectos, pero mantuvo reglas que no contribuyen a tener un Parlamento representativo y conectado a los electores.<\/span><\/p>\n<p><span style=\"color: #000000;\">\u201cEl Per\u00fa necesita cambios para que el poder Legislativo est\u00e9 m\u00e1s contralado por el ciudadano\u201d, enfatiz\u00f3.<\/span><\/p>\n<p><span style=\"color: #000000;\">En su opini\u00f3n, entre lo m\u00e1s destacado de la reforma electoral y que marcar\u00e1 una diferencia entre los comicios del 2016 y 2021 figuran las elecciones internas de las organizaciones pol\u00edticas, y la paridad y alternancia de g\u00e9nero en las listas de candidatos.<\/span><\/p>\n<p><span style=\"color: #000000;\">Destac\u00f3 la organizaci\u00f3n de los comicios internos por parte de la Oficina Nacional de Procesos Electorales (Onpe), siguiendo un cronograma uniforme a nivel nacional aprobado por el Jurado Nacional de Elecciones (JNE). No obstante, consider\u00f3 que la elecci\u00f3n por delegados desnaturaliz\u00f3 un poco el proceso por la cercan\u00eda que podr\u00edan tener a la dirigencia del partido.<\/span><\/p>\n<p><span style=\"color: #000000;\">En el caso de la paridad y alternancia, refiri\u00f3 que la medida es saludable para contar con un Parlamento con un n\u00famero equilibrado de congresistas mujeres y hombres; aunque en este caso, tal como se\u00f1alaron otros especialistas en el tema, su impacto se ver\u00e1 limitado sin eliminar el voto preferencial.<\/span><\/p>\n","protected":false},"excerpt":{"rendered":"<p>Lima, 07 de Marzo 2021, (ANDINA).- El experto en temas electorales, Jorge J\u00e1uregui, advirti\u00f3 que la cifra repartidora, que aplica criterios matem\u00e1ticos para la asignaci\u00f3n de curules en el Congreso, unida a la valla electoral, seguir\u00e1 creando mayor\u00edas artificiales en este poder del Estado. En declaraciones a la Agencia Andina refiri\u00f3 que, gracias a la [&hellip;]<\/p>\n","protected":false},"author":1,"featured_media":90034,"comment_status":"closed","ping_status":"closed","sticky":false,"template":"","format":"standard","meta":{"rop_custom_images_group":[],"rop_custom_messages_group":[],"rop_publish_now":"initial","rop_publish_now_accounts":[],"rop_publish_now_history":[],"rop_publish_now_status":"pending","footnotes":""},"categories":[5],"tags":[5461,184,6410,185,150,146],"class_list":["post-93841","post","type-post","status-publish","format-standard","has-post-thumbnail","hentry","category-actualidad-informativa","tag-elecciones-2021","tag-jne","tag-jorge-jauregui","tag-jurado-nacional-de-elecciones","tag-onpe","tag-reniec"],"_links":{"self":[{"href":"https:\/\/elinformanteperu.com\/index.php\/wp-json\/wp\/v2\/posts\/93841","targetHints":{"allow":["GET"]}}],"collection":[{"href":"https:\/\/elinformanteperu.com\/index.php\/wp-json\/wp\/v2\/posts"}],"about":[{"href":"https:\/\/elinformanteperu.com\/index.php\/wp-json\/wp\/v2\/types\/post"}],"author":[{"embeddable":true,"href":"https:\/\/elinformanteperu.com\/index.php\/wp-json\/wp\/v2\/users\/1"}],"replies":[{"embeddable":true,"href":"https:\/\/elinformanteperu.com\/index.php\/wp-json\/wp\/v2\/comments?post=93841"}],"version-history":[{"count":1,"href":"https:\/\/elinformanteperu.com\/index.php\/wp-json\/wp\/v2\/posts\/93841\/revisions"}],"predecessor-version":[{"id":93842,"href":"https:\/\/elinformanteperu.com\/index.php\/wp-json\/wp\/v2\/posts\/93841\/revisions\/93842"}],"wp:featuredmedia":[{"embeddable":true,"href":"https:\/\/elinformanteperu.com\/index.php\/wp-json\/wp\/v2\/media\/90034"}],"wp:attachment":[{"href":"https:\/\/elinformanteperu.com\/index.php\/wp-json\/wp\/v2\/media?parent=93841"}],"wp:term":[{"taxonomy":"category","embeddable":true,"href":"https:\/\/elinformanteperu.com\/index.php\/wp-json\/wp\/v2\/categories?post=93841"},{"taxonomy":"post_tag","embeddable":true,"href":"https:\/\/elinformanteperu.com\/index.php\/wp-json\/wp\/v2\/tags?post=93841"}],"curies":[{"name":"wp","href":"https:\/\/api.w.org\/{rel}","templated":true}]}}