{"id":93838,"date":"2021-03-07T15:12:19","date_gmt":"2021-03-07T20:12:19","guid":{"rendered":"https:\/\/elinformanteperu.com\/?p=93838"},"modified":"2021-03-07T15:12:19","modified_gmt":"2021-03-07T20:12:19","slug":"elecciones-2021-debate-presidencial-del-jne-sera-el-29-30-y-31-de-marzo","status":"publish","type":"post","link":"https:\/\/elinformanteperu.com\/index.php\/2021\/03\/07\/elecciones-2021-debate-presidencial-del-jne-sera-el-29-30-y-31-de-marzo\/","title":{"rendered":"Elecciones 2021: Debate presidencial del JNE ser\u00e1 el 29, 30 y 31 de marzo"},"content":{"rendered":"<p><strong><span style=\"color: #000000;\">En cada fecha participar\u00e1n seis candidatos en forma presencial<\/span><\/strong><\/p>\n<p><span style=\"color: #000000;\"><strong>Lima, 07 de Marzo 2021, (ANDINA).-<\/strong> El debate entre los candidatos a la presidencia de la Rep\u00fablica organizado por el Jurado Nacional de Elecciones (JNE) se realizar\u00e1 el 29, 30 y 31 de marzo pr\u00f3ximo de manera presencial, por consenso entre el organismo electoral y los partidos pol\u00edticos que participan en las Elecciones Generales 2021.<\/span><\/p>\n<p><span style=\"color: #000000;\">En cada fecha participar\u00e1n seis candidatos al sill\u00f3n presidencial. La conformaci\u00f3n de los grupos de candidatos, as\u00ed como el orden de sus intervenciones, se definir\u00e1 mediante un sorteo previsto para el 16 de marzo pr\u00f3ximo.<\/span><\/p>\n<p><strong><span style=\"color: #000000;\">Estructura del debate<\/span><\/strong><\/p>\n<p><span style=\"color: #000000;\">La estructura de los debates presidenciales del JNE, por acuerdo entre el organismo electoral y los partidos que participan en las elecciones, ser\u00e1 de cinco bloques, cuatro de los cuales ser\u00e1n tem\u00e1ticos y el quinto estar\u00e1 destinado a las palabras finales de los postulantes.<\/span><\/p>\n<p><span style=\"color: #000000;\">De los cuatro segmentos se\u00f1alados, dos ser\u00e1n de di\u00e1logo entre los candidatos y ser\u00e1n sobre las propuestas de medidas frente a la pandemia (salud, recuperaci\u00f3n econ\u00f3mica, empleo, etc) y frente a la seguridad ciudadana.<\/span><\/p>\n<p><span style=\"color: #000000;\">Los temas a tratar en los dos bloques restantes, por acuerdo de las partes, ser\u00e1 determinado por el electorado, a trav\u00e9s de una encuesta que se realizar\u00e1 v\u00eda Twitter y la plataforma del Voto Informado. Podr\u00e1n seleccionar dos t\u00f3picos, entre integridad p\u00fablica y lucha contra la corrupci\u00f3n, educaci\u00f3n, medioambiente y poblaciones vulnerables.<\/span><\/p>\n<p><span style=\"color: #000000;\">Una vez elegidos los temas, los ciudadanos podr\u00e1n formular su \u2018Pregunta Ciudadana\u2019 a trav\u00e9s de Facebook y la web de Voto Informado, las mismas que ser\u00e1n seleccionadas por un comit\u00e9 para ser tomadas en cuenta en los debates presidenciales del JNE.<\/span><\/p>\n<p><strong><span style=\"color: #000000;\">Moderador<\/span><\/strong><\/p>\n<p><span style=\"color: #000000;\">De otro lado, los partidos pol\u00edticos eligieron como moderadores de los tres debates presidenciales a los periodistas M\u00f3nica Delta y Pedro Tenorio.<\/span><\/p>\n<p><span style=\"color: #000000;\">El debate se realizar\u00e1 en el Centro de Convenciones de Lima, ubicado en el distrito de San Borja, donde se guardar\u00e1n estrictos protocolos de bioseguridad, a fin de prevenir el contagio de la covid-19. Ser\u00e1 transmitido en directo, a nivel nacional, v\u00eda TV Per\u00fa y el canal JNETV, as\u00ed como por las redes sociales institucionales.<\/span><\/p>\n<p><span style=\"color: #000000;\">De este modo, se viene dando cumpliendo uno de los compromisos asumidos por los partidos pol\u00edticos al suscribir el Pacto \u00c9tico Electoral del JNE, el 28 de enero pasado, referido a la exposici\u00f3n de propuestas en este tipo de eventos, con el prop\u00f3sito de lograr el voto informado de la poblaci\u00f3n en las EG-2021.<\/span><\/p>\n","protected":false},"excerpt":{"rendered":"<p>En cada fecha participar\u00e1n seis candidatos en forma presencial Lima, 07 de Marzo 2021, (ANDINA).- El debate entre los candidatos a la presidencia de la Rep\u00fablica organizado por el Jurado Nacional de Elecciones (JNE) se realizar\u00e1 el 29, 30 y 31 de marzo pr\u00f3ximo de manera presencial, por consenso entre el organismo electoral y los [&hellip;]<\/p>\n","protected":false},"author":1,"featured_media":93839,"comment_status":"closed","ping_status":"closed","sticky":false,"template":"","format":"standard","meta":{"rop_custom_images_group":[],"rop_custom_messages_group":[],"rop_publish_now":"initial","rop_publish_now_accounts":[],"rop_publish_now_history":[],"rop_publish_now_status":"pending","footnotes":""},"categories":[5,5745],"tags":[6409,5461,184,185],"class_list":["post-93838","post","type-post","status-publish","format-standard","has-post-thumbnail","hentry","category-actualidad-informativa","category-lo-ultimo","tag-debate-presidencial-2021","tag-elecciones-2021","tag-jne","tag-jurado-nacional-de-elecciones"],"_links":{"self":[{"href":"https:\/\/elinformanteperu.com\/index.php\/wp-json\/wp\/v2\/posts\/93838","targetHints":{"allow":["GET"]}}],"collection":[{"href":"https:\/\/elinformanteperu.com\/index.php\/wp-json\/wp\/v2\/posts"}],"about":[{"href":"https:\/\/elinformanteperu.com\/index.php\/wp-json\/wp\/v2\/types\/post"}],"author":[{"embeddable":true,"href":"https:\/\/elinformanteperu.com\/index.php\/wp-json\/wp\/v2\/users\/1"}],"replies":[{"embeddable":true,"href":"https:\/\/elinformanteperu.com\/index.php\/wp-json\/wp\/v2\/comments?post=93838"}],"version-history":[{"count":1,"href":"https:\/\/elinformanteperu.com\/index.php\/wp-json\/wp\/v2\/posts\/93838\/revisions"}],"predecessor-version":[{"id":93840,"href":"https:\/\/elinformanteperu.com\/index.php\/wp-json\/wp\/v2\/posts\/93838\/revisions\/93840"}],"wp:featuredmedia":[{"embeddable":true,"href":"https:\/\/elinformanteperu.com\/index.php\/wp-json\/wp\/v2\/media\/93839"}],"wp:attachment":[{"href":"https:\/\/elinformanteperu.com\/index.php\/wp-json\/wp\/v2\/media?parent=93838"}],"wp:term":[{"taxonomy":"category","embeddable":true,"href":"https:\/\/elinformanteperu.com\/index.php\/wp-json\/wp\/v2\/categories?post=93838"},{"taxonomy":"post_tag","embeddable":true,"href":"https:\/\/elinformanteperu.com\/index.php\/wp-json\/wp\/v2\/tags?post=93838"}],"curies":[{"name":"wp","href":"https:\/\/api.w.org\/{rel}","templated":true}]}}