{"id":93760,"date":"2021-03-06T01:06:01","date_gmt":"2021-03-06T06:06:01","guid":{"rendered":"https:\/\/elinformanteperu.com\/?p=93760"},"modified":"2021-03-06T01:06:01","modified_gmt":"2021-03-06T06:06:01","slug":"entregan-puente-castilla-totalmente-reparado-a-vecinos-del-rimac","status":"publish","type":"post","link":"https:\/\/elinformanteperu.com\/index.php\/2021\/03\/06\/entregan-puente-castilla-totalmente-reparado-a-vecinos-del-rimac\/","title":{"rendered":"Entregan Puente Castilla totalmente reparado a vecinos del R\u00edmac"},"content":{"rendered":"<p><strong><span style=\"color: #000000;\">El cierre del puente afect\u00f3 la movilidad de los vecinos de los asentamientos rimenses Huascar\u00e1n, Virgen del Carmen, Castilla Alta y Castilla Baja.<\/span><\/strong><\/p>\n<p><span style=\"color: #000000;\"><strong>Lima, 05 de Marzo 2021, (El Informante Per\u00fa).-<\/strong> Lima Expresa anunci\u00f3 la reparaci\u00f3n final del puente peatonal Castilla, en el distrito del R\u00edmac, luego de haber estado cerrado por el impacto de un veh\u00edculo pesado de carga alta.<\/span><\/p>\n<p><span style=\"color: #000000;\">El da\u00f1o severo que sufri\u00f3 el puente peatonal Castilla afect\u00f3 el tr\u00e1nsito de los vecinos de Huascar\u00e1n, Virgen del Carmen, Castilla alta y Castilla baja, en el R\u00edmac. En ese sentido, como parte del compromiso de la concesionaria vial con la seguridad de los vecinos y clientes, Lima Expresa retir\u00f3 parte del puente e inici\u00f3 un proceso de reparaci\u00f3n con su equipo de ingenier\u00eda, de la mano de la Municipalidad Metropolitana de Lima.<\/span><\/p>\n<p><span style=\"color: #000000;\">\u201cHoy estamos presentando el puente peatonal luego de varios meses de trabajo de nuestro equipo de ingenier\u00eda y operaciones para el beneficio de los vecinos y clientes de la V\u00eda de Evitamiento. Ahora, todos pueden cruzar la V\u00eda de Evitamiento con seguridad\u201d, se\u00f1al\u00f3 Laurent Cavrois, Gerente General de Lima Expresa, quien hizo la presentaci\u00f3n del puente reparado en compa\u00f1\u00eda del alcalde del R\u00edmac, Pedro Rosario.<\/span><\/p>\n<p><img fetchpriority=\"high\" decoding=\"async\" class=\"aligncenter size-full wp-image-93762\" src=\"https:\/\/elinformanteperu.com\/wp-content\/uploads\/2021\/03\/puente-castilla.jpg\" alt=\"\" width=\"909\" height=\"509\" srcset=\"https:\/\/elinformanteperu.com\/wp-content\/uploads\/2021\/03\/puente-castilla.jpg 909w, https:\/\/elinformanteperu.com\/wp-content\/uploads\/2021\/03\/puente-castilla-300x168.jpg 300w, https:\/\/elinformanteperu.com\/wp-content\/uploads\/2021\/03\/puente-castilla-768x430.jpg 768w\" sizes=\"(max-width: 909px) 100vw, 909px\" \/><\/p>\n<p><span style=\"color: #000000;\">Para dichos trabajos, el equipo de ingenier\u00eda de la concesionaria vial realiz\u00f3 pruebas de ingenier\u00eda para conocer el estado de la estructura en el que qued\u00f3, luego elabor\u00f3 un expediente t\u00e9cnico, el mismo que fue revisado y autorizado por la Municipalidad Metropolitana de Lima. Debido a la pandemia y un hallazgo de interferencias en la zona de trabajo, la reparaci\u00f3n tuvo que replantearse y tom\u00f3 m\u00e1s tiempo de lo previsto. Sin embargo, la estructura ya se encuentra operativa para el beneficio de todos.<\/span><\/p>\n<p><span style=\"color: #000000;\">Cavrois recalc\u00f3 \u201cEn Lima Expresa hacemos un llamado a la responsabilidad de las empresas y due\u00f1os de veh\u00edculos de carga alta para que tomen en cuenta la se\u00f1alizaci\u00f3n que se ubica en cada puente sobre los l\u00edmites de carga alta de los veh\u00edculos. Los siniestros en infraestructuras viales, como los puentes peatonales, afectan la transitabilidad y la seguridad de los clientes que se movilizan por nuestras v\u00edas expresas y afectan, a\u00fan m\u00e1s, a los vecinos que viven en los alrededores y utilizan estos activos\u201d.<\/span><\/p>\n","protected":false},"excerpt":{"rendered":"<p>El cierre del puente afect\u00f3 la movilidad de los vecinos de los asentamientos rimenses Huascar\u00e1n, Virgen del Carmen, Castilla Alta y Castilla Baja. Lima, 05 de Marzo 2021, (El Informante Per\u00fa).- Lima Expresa anunci\u00f3 la reparaci\u00f3n final del puente peatonal Castilla, en el distrito del R\u00edmac, luego de haber estado cerrado por el impacto de [&hellip;]<\/p>\n","protected":false},"author":1,"featured_media":93761,"comment_status":"closed","ping_status":"closed","sticky":false,"template":"","format":"standard","meta":{"rop_custom_images_group":[],"rop_custom_messages_group":[],"rop_publish_now":"initial","rop_publish_now_accounts":[],"rop_publish_now_history":[],"rop_publish_now_status":"pending","footnotes":""},"categories":[10],"tags":[6099,4096],"class_list":["post-93760","post","type-post","status-publish","format-standard","has-post-thumbnail","hentry","category-actualidad-municipal","tag-lima-expresa","tag-rimac"],"_links":{"self":[{"href":"https:\/\/elinformanteperu.com\/index.php\/wp-json\/wp\/v2\/posts\/93760","targetHints":{"allow":["GET"]}}],"collection":[{"href":"https:\/\/elinformanteperu.com\/index.php\/wp-json\/wp\/v2\/posts"}],"about":[{"href":"https:\/\/elinformanteperu.com\/index.php\/wp-json\/wp\/v2\/types\/post"}],"author":[{"embeddable":true,"href":"https:\/\/elinformanteperu.com\/index.php\/wp-json\/wp\/v2\/users\/1"}],"replies":[{"embeddable":true,"href":"https:\/\/elinformanteperu.com\/index.php\/wp-json\/wp\/v2\/comments?post=93760"}],"version-history":[{"count":1,"href":"https:\/\/elinformanteperu.com\/index.php\/wp-json\/wp\/v2\/posts\/93760\/revisions"}],"predecessor-version":[{"id":93763,"href":"https:\/\/elinformanteperu.com\/index.php\/wp-json\/wp\/v2\/posts\/93760\/revisions\/93763"}],"wp:featuredmedia":[{"embeddable":true,"href":"https:\/\/elinformanteperu.com\/index.php\/wp-json\/wp\/v2\/media\/93761"}],"wp:attachment":[{"href":"https:\/\/elinformanteperu.com\/index.php\/wp-json\/wp\/v2\/media?parent=93760"}],"wp:term":[{"taxonomy":"category","embeddable":true,"href":"https:\/\/elinformanteperu.com\/index.php\/wp-json\/wp\/v2\/categories?post=93760"},{"taxonomy":"post_tag","embeddable":true,"href":"https:\/\/elinformanteperu.com\/index.php\/wp-json\/wp\/v2\/tags?post=93760"}],"curies":[{"name":"wp","href":"https:\/\/api.w.org\/{rel}","templated":true}]}}