{"id":93190,"date":"2021-02-20T00:28:58","date_gmt":"2021-02-20T05:28:58","guid":{"rendered":"https:\/\/elinformanteperu.com\/?p=93190"},"modified":"2021-02-20T00:28:58","modified_gmt":"2021-02-20T05:28:58","slug":"movilidad-de-personas-se-reduce-en-el-metropolitano-linea-1-y-corredores-complementarios","status":"publish","type":"post","link":"https:\/\/elinformanteperu.com\/index.php\/2021\/02\/20\/movilidad-de-personas-se-reduce-en-el-metropolitano-linea-1-y-corredores-complementarios\/","title":{"rendered":"Movilidad de personas se reduce en el Metropolitano, L\u00ednea 1 y corredores complementarios"},"content":{"rendered":"<p><strong><span style=\"color: #000000;\">Ello tiene un impacto directo en la contenci\u00f3n de la pandemia del covid-19, afirma ministra Claudia Cornejo<\/span><\/strong><\/p>\n<p><span style=\"color: #000000;\"><strong>Lima, 19 de Febrero 2021, (ANDINA).-<\/strong> La movilidad de personas en los buses y estaciones de El Metropolitano se redujo en 32 % como consecuencia de las restricciones aprobadas por el Poder Ejecutivo para enfrentar la segunda ola del covid-19.<\/span><\/p>\n<p><span style=\"color: #000000;\">La reducci\u00f3n de la movilidad tiene un impacto directo en la contenci\u00f3n de la pandemia, explic\u00f3 la ministra de Comercio Exterior y Turismo, Claudia Cornejo, en una conferencia de prensa junto al ministro de Cultura, Alejandro Neyra, en la sede de la Presidencia del Consejo de Ministros (PCM).<\/span><\/p>\n<p><span style=\"color: #000000;\">Entre tanto, la movilidad en la L\u00ednea 1 del Metro de Lima (tren el\u00e9ctrico) se contrajo tambi\u00e9n en 32 %, mientras que en los corredores complementarios la reducci\u00f3n fue de 30 %.<\/span><\/p>\n<p><span style=\"color: #000000;\">Todas estas mediciones corresponden al per\u00edodo desde al 31 de enero, d\u00eda en que comenzaron a regir medidas de inmovilizaci\u00f3n social y aislamiento domiciliario debido a la \u2018cuarentena diferente\u2019 en 32 provincias declaradas en nivel de riesgo extremo frente al covid-19.<\/span><\/p>\n<p><strong><span style=\"color: #000000;\">Transporte con aforo<\/span><\/strong><\/p>\n<p><span style=\"color: #000000;\">\u201cSabemos que la mayor\u00eda de personas no cuenta con opciones privadas para movilizarse, por lo que los sistemas de transporte p\u00fablico son ciertamente necesarios\u201d, manifest\u00f3 la ministra.<\/span><\/p>\n<p><span style=\"color: #000000;\">Y, debido a ello, el servicio p\u00fablico debe continuar operando con una frecuencia suficientemente alta para atender las demandas de la poblaci\u00f3n \u2013enfatiz\u00f3\u2013, pero tambi\u00e9n con las condiciones que permitan viajes seguros para los usuarios.<\/span><\/p>\n<p><span style=\"color: #000000;\">Al respecto, record\u00f3 que en las provincias en alerta extrema el aforo del transporte urbano regular es del 50 % de los pasajeros sentados.<\/span><\/p>\n<p><span style=\"color: #000000;\">Entre tanto, para veh\u00edculos del sistema integrado de transporte, en Lima y Callao, considerando que este servicio cuenta con un control riguroso de seguridad sanitaria, el aforo es del 100 % de los pasajeros sentados, precis\u00f3 Cornejo.<\/span><\/p>\n<p><span style=\"color: #000000;\">\u201cEn el resto de zonas, se presta el servicio transportando \u00fanicamente usuarios sentados, con el aforo al 100 %\u201d.<\/span><\/p>\n<p><strong><span style=\"color: #000000;\">Bono 600<\/span><\/strong><\/p>\n<p><span style=\"color: #000000;\">Respecto al Bono 600 \u2013un subsidio de 600 soles para paliar el impacto de la pandemia entre las personas en situaci\u00f3n de pobreza y pobreza extrema\u2013, la ministra dijo que la primera fase de este pago incluye a medio mill\u00f3n de hogares afiliados a los programas sociales Juntos, Pensi\u00f3n 65 y Contigo.<\/span><\/p>\n<p><span style=\"color: #000000;\">Al referirse a las familias que recibir\u00e1n este beneficio, las exhort\u00f3 a que, en caso de necesitar informaci\u00f3n complementaria, no acudan a las agencias bancarias y prevenir, de esa manera, contagios de coronavirus.<\/span><\/p>\n<p><span style=\"color: #000000;\">\u201cTodo lo que necesitan saber, lo pueden averiguar ingresando a la p\u00e1gina web <strong>Bono600.gob.pe<\/strong> o llamando a la l\u00ednea 101\u201d, enfatiz\u00f3.<\/span><\/p>\n<p><span style=\"color: #000000;\">Adem\u00e1s, para evitar la formaci\u00f3n de colas y aglomeraciones en las oficinas bancarias, detall\u00f3 que Ministerio de Desarrollo e Inclusi\u00f3n Social (Midis) coordin\u00f3 con el Banco de la Naci\u00f3n (BN) la ampliaci\u00f3n de los horarios de atenci\u00f3n a los beneficiarios del bono.<\/span><\/p>\n<p><span style=\"color: #000000;\">\u201cEl Banco de la Naci\u00f3n ha ampliado su horario de atenci\u00f3n en 81 agencias estrat\u00e9gicas de la zona donde se pagar\u00e1 el Bono 600\u201d. En dichas sedes, la atenci\u00f3n es de lunes a viernes de 6:00 a 17:00 horas, mientras que los s\u00e1bados se atender\u00e1 de 8:00 a 13:00 horas.<\/span><\/p>\n<p><strong><span style=\"color: #000000;\">Orientadores<\/span><\/strong><\/p>\n<p><span style=\"color: #000000;\">En total, 800 orientadores de los programas sociales brindan apoyo a las personas que acuden a las agencias del BN; de ese grupo, 290 se han desplegado en las 45 agencias con mayor afluencia de personas. \u201cAdem\u00e1s, 450 orientadores del banco apoyan en la gesti\u00f3n de las colas\u201d.<\/span><\/p>\n<p><span style=\"color: #000000;\">En el caso de las poblaciones rurales y dispersas, personal de los 176 tambos del Programa PAIS, ubicados en las zonas m\u00e1s alejadas, brinda orientaci\u00f3n a las familias de las comunidades y centros poblados para el cobro de este bono.<\/span><\/p>\n<p><span style=\"color: #000000;\">\u201cTambi\u00e9n se ha pedido apoyo al Ministerio del Interior y a la Polic\u00eda Nacional para reforzar la seguridad y mantener el orden durante los d\u00edas de pago. Y, en coordinaci\u00f3n con las municipalidades, se ha programado la realizaci\u00f3n de rondas de serenazgo para acrecentar la seguridad y el distanciamiento f\u00edsico\u201d.<\/span><\/p>\n","protected":false},"excerpt":{"rendered":"<p>Ello tiene un impacto directo en la contenci\u00f3n de la pandemia del covid-19, afirma ministra Claudia Cornejo Lima, 19 de Febrero 2021, (ANDINA).- La movilidad de personas en los buses y estaciones de El Metropolitano se redujo en 32 % como consecuencia de las restricciones aprobadas por el Poder Ejecutivo para enfrentar la segunda ola [&hellip;]<\/p>\n","protected":false},"author":1,"featured_media":93191,"comment_status":"closed","ping_status":"closed","sticky":false,"template":"","format":"standard","meta":{"rop_custom_images_group":[],"rop_custom_messages_group":[],"rop_publish_now":"initial","rop_publish_now_accounts":[],"rop_publish_now_history":[],"rop_publish_now_status":"pending","footnotes":""},"categories":[10],"tags":[6322,825],"class_list":["post-93190","post","type-post","status-publish","format-standard","has-post-thumbnail","hentry","category-actualidad-municipal","tag-covid-segunda-ola","tag-metropolitano"],"_links":{"self":[{"href":"https:\/\/elinformanteperu.com\/index.php\/wp-json\/wp\/v2\/posts\/93190","targetHints":{"allow":["GET"]}}],"collection":[{"href":"https:\/\/elinformanteperu.com\/index.php\/wp-json\/wp\/v2\/posts"}],"about":[{"href":"https:\/\/elinformanteperu.com\/index.php\/wp-json\/wp\/v2\/types\/post"}],"author":[{"embeddable":true,"href":"https:\/\/elinformanteperu.com\/index.php\/wp-json\/wp\/v2\/users\/1"}],"replies":[{"embeddable":true,"href":"https:\/\/elinformanteperu.com\/index.php\/wp-json\/wp\/v2\/comments?post=93190"}],"version-history":[{"count":1,"href":"https:\/\/elinformanteperu.com\/index.php\/wp-json\/wp\/v2\/posts\/93190\/revisions"}],"predecessor-version":[{"id":93192,"href":"https:\/\/elinformanteperu.com\/index.php\/wp-json\/wp\/v2\/posts\/93190\/revisions\/93192"}],"wp:featuredmedia":[{"embeddable":true,"href":"https:\/\/elinformanteperu.com\/index.php\/wp-json\/wp\/v2\/media\/93191"}],"wp:attachment":[{"href":"https:\/\/elinformanteperu.com\/index.php\/wp-json\/wp\/v2\/media?parent=93190"}],"wp:term":[{"taxonomy":"category","embeddable":true,"href":"https:\/\/elinformanteperu.com\/index.php\/wp-json\/wp\/v2\/categories?post=93190"},{"taxonomy":"post_tag","embeddable":true,"href":"https:\/\/elinformanteperu.com\/index.php\/wp-json\/wp\/v2\/tags?post=93190"}],"curies":[{"name":"wp","href":"https:\/\/api.w.org\/{rel}","templated":true}]}}