{"id":93091,"date":"2021-02-18T20:20:59","date_gmt":"2021-02-19T01:20:59","guid":{"rendered":"https:\/\/elinformanteperu.com\/?p=93091"},"modified":"2021-02-18T20:20:59","modified_gmt":"2021-02-19T01:20:59","slug":"loreto-familias-de-comunidades-nativas-se-capacitan-para-iniciar-reforestacion-de-arboles-de-palo-rosa-en-frontera-con-colombia","status":"publish","type":"post","link":"https:\/\/elinformanteperu.com\/index.php\/2021\/02\/18\/loreto-familias-de-comunidades-nativas-se-capacitan-para-iniciar-reforestacion-de-arboles-de-palo-rosa-en-frontera-con-colombia\/","title":{"rendered":"Loreto: Familias de comunidades nativas se capacitan para iniciar reforestaci\u00f3n de \u00e1rboles de Palo Rosa en frontera con Colombia"},"content":{"rendered":"<p><strong><span style=\"color: #000000;\">Talleres productivos son impartidos en Tambo Remanso del Programa PAIS del Midis. Iniciativa permite mejorar calidad de vida de pobladores Bora, Kichwa, Maridicay y Ocaias en cuenca del r\u00edo Putumayo.<\/span><\/strong><\/p>\n<p><span style=\"color: #000000;\"><strong>Lima, 18 de Febrero 2021, (El Informante Per\u00fa).-<\/strong> M\u00e1s de 180 familias nativas de pueblos ind\u00edgenas en la cuenca del r\u00edo Putumayo en Loreto, se han propuesto reducir los efectos del cambio clim\u00e1tico, a trav\u00e9s de la reforestaci\u00f3n de \u00e1rboles de Palo Rosa. Para ello, viene fortaleciendo sus conocimientos ancestrales en este cultivo con talleres para la identificaci\u00f3n y elaboraci\u00f3n de proyectos productivos que mejoren su calidad de vida, en el Tambo Remanso del Programa Nacional PAIS del Ministerio de Desarrollo e Inclusi\u00f3n Social (Midis).<\/span><\/p>\n<p><span style=\"color: #000000;\">A trav\u00e9s de esta iniciativa, agricultores Bora, Kichwa, Muruy y Totos que integran la Federaci\u00f3n de Comunidades Ind\u00edgenas del Bajo Putumayo (FECOIBAP) en el distrito de Yaguas y nativos originarios de los pueblos Maridicay y Ocainas en el distrito de Putumayo, desean contribuir al desarrollo de sus comunidades con la plantaci\u00f3n del palo rosa en, al menos 45 hect\u00e1reas en una primera etapa, esta zona ubicada en la frontera con Colombia.<\/span><\/p>\n<p><span style=\"color: #000000;\">Con el apoyo del Programa PAIS y el Vicariato Apost\u00f3lico San Jos\u00e9 de Amazonas, ellos son capacitados para elaborar un plan de conservaci\u00f3n inclusivo y con un enfoque de pertinencia cultural que valore y preserve su cosmovisi\u00f3n amaz\u00f3nica. Para Fernando Sangama, presidente de la FECOIBAP, se trata de un proyecto ambicioso que beneficiar\u00e1 a toda la poblaci\u00f3n.<\/span><\/p>\n<p><span style=\"color: #000000;\">\u201cEste emprendimiento es muy bueno para todas las comunidades que conforman la federaci\u00f3n. Que vean que el trabajo que se va realizar permitir\u00e1 el desarrollo de nuestros pueblos, nuestra ni\u00f1ez y de todas las personas que vienen detr\u00e1s de nosotros.\u201d, expres\u00f3.<\/span><\/p>\n<p><img fetchpriority=\"high\" decoding=\"async\" class=\"aligncenter size-full wp-image-93093\" src=\"https:\/\/elinformanteperu.com\/wp-content\/uploads\/2021\/02\/midis-palo-rosa-colombia-capacitacion1.jpg\" alt=\"\" width=\"760\" height=\"514\" srcset=\"https:\/\/elinformanteperu.com\/wp-content\/uploads\/2021\/02\/midis-palo-rosa-colombia-capacitacion1.jpg 760w, https:\/\/elinformanteperu.com\/wp-content\/uploads\/2021\/02\/midis-palo-rosa-colombia-capacitacion1-300x203.jpg 300w\" sizes=\"(max-width: 760px) 100vw, 760px\" \/><\/p>\n<p><span style=\"color: #000000;\">Asimismo, como parte de la articulaci\u00f3n territorial que realiza el Programa PAIS, esta iniciativa ya fue presentada a especialistas de la Direcci\u00f3n Regional Agraria de Loreto (DRAL), para que puedan elaborar, a trav\u00e9s de la Unidad Formuladora, el expediente t\u00e9cnico para la elaboraci\u00f3n del proyecto. Madeleine Ramos, monitora del programa social del Midis, se\u00f1ala adem\u00e1s que las familias nativas ya iniciaron el trabajo en campo.<\/span><\/p>\n<p><span style=\"color: #000000;\">\u201cYa empezamos a recolectar plantas para la instalaci\u00f3n de un peque\u00f1o vivero. La reforestaci\u00f3n con Palo Rosa tomar\u00e1 cerca de 3 a\u00f1os, pero las personas est\u00e1n motivadas porque se est\u00e1 retomando este cultivo luego de casi 20 a\u00f1os. El sue\u00f1o de estas familias se har\u00e1 realidad pronto. Ellos valoran su h\u00e1bitat y quieren proteger sus bosques de la siembra de coca y la tala ilegal de madera.\u201d, indic\u00f3 Madeleine.<\/span><\/p>\n<p><span style=\"color: #000000;\">Finalmente, como parte del trabajo articulado para contribuir al mejoramiento productivo y econ\u00f3mico de las familias nativas, el programa PAIS pone a disposici\u00f3n un deslizador para el traslado de los profesionales encargados de esta capacitaci\u00f3n. Adem\u00e1s, es importante destacar que esta actividad se viene realizando cumpliendo con todos los protocolos necesarios para prevenir la Covid-19.<\/span><\/p>\n","protected":false},"excerpt":{"rendered":"<p>Talleres productivos son impartidos en Tambo Remanso del Programa PAIS del Midis. Iniciativa permite mejorar calidad de vida de pobladores Bora, Kichwa, Maridicay y Ocaias en cuenca del r\u00edo Putumayo. Lima, 18 de Febrero 2021, (El Informante Per\u00fa).- M\u00e1s de 180 familias nativas de pueblos ind\u00edgenas en la cuenca del r\u00edo Putumayo en Loreto, se [&hellip;]<\/p>\n","protected":false},"author":1,"featured_media":93092,"comment_status":"closed","ping_status":"closed","sticky":false,"template":"","format":"standard","meta":{"rop_custom_images_group":[],"rop_custom_messages_group":[],"rop_publish_now":"initial","rop_publish_now_accounts":[],"rop_publish_now_history":[],"rop_publish_now_status":"pending","footnotes":""},"categories":[10],"tags":[153,247,3571],"class_list":["post-93091","post","type-post","status-publish","format-standard","has-post-thumbnail","hentry","category-actualidad-municipal","tag-midis","tag-palo-blanco","tag-programa-nacional-pais"],"_links":{"self":[{"href":"https:\/\/elinformanteperu.com\/index.php\/wp-json\/wp\/v2\/posts\/93091","targetHints":{"allow":["GET"]}}],"collection":[{"href":"https:\/\/elinformanteperu.com\/index.php\/wp-json\/wp\/v2\/posts"}],"about":[{"href":"https:\/\/elinformanteperu.com\/index.php\/wp-json\/wp\/v2\/types\/post"}],"author":[{"embeddable":true,"href":"https:\/\/elinformanteperu.com\/index.php\/wp-json\/wp\/v2\/users\/1"}],"replies":[{"embeddable":true,"href":"https:\/\/elinformanteperu.com\/index.php\/wp-json\/wp\/v2\/comments?post=93091"}],"version-history":[{"count":1,"href":"https:\/\/elinformanteperu.com\/index.php\/wp-json\/wp\/v2\/posts\/93091\/revisions"}],"predecessor-version":[{"id":93094,"href":"https:\/\/elinformanteperu.com\/index.php\/wp-json\/wp\/v2\/posts\/93091\/revisions\/93094"}],"wp:featuredmedia":[{"embeddable":true,"href":"https:\/\/elinformanteperu.com\/index.php\/wp-json\/wp\/v2\/media\/93092"}],"wp:attachment":[{"href":"https:\/\/elinformanteperu.com\/index.php\/wp-json\/wp\/v2\/media?parent=93091"}],"wp:term":[{"taxonomy":"category","embeddable":true,"href":"https:\/\/elinformanteperu.com\/index.php\/wp-json\/wp\/v2\/categories?post=93091"},{"taxonomy":"post_tag","embeddable":true,"href":"https:\/\/elinformanteperu.com\/index.php\/wp-json\/wp\/v2\/tags?post=93091"}],"curies":[{"name":"wp","href":"https:\/\/api.w.org\/{rel}","templated":true}]}}