{"id":93085,"date":"2021-02-18T20:05:25","date_gmt":"2021-02-19T01:05:25","guid":{"rendered":"https:\/\/elinformanteperu.com\/?p=93085"},"modified":"2021-02-18T20:05:25","modified_gmt":"2021-02-19T01:05:25","slug":"paolo-guerrero-que-gana-la-seleccion-con-el-regreso-del-goleador","status":"publish","type":"post","link":"https:\/\/elinformanteperu.com\/index.php\/2021\/02\/18\/paolo-guerrero-que-gana-la-seleccion-con-el-regreso-del-goleador\/","title":{"rendered":"Paolo Guerrero: \u00bfqu\u00e9 gana la selecci\u00f3n con el regreso del goleador?"},"content":{"rendered":"<p><strong><span style=\"color: #000000;\">Goleador hist\u00f3rico de la selecci\u00f3n recibi\u00f3 el alta m\u00e9dica y es un hecho su vuelta a la Bicolor tras 6 meses<\/span><\/strong><\/p>\n<p><span style=\"color: #000000;\"><strong>Lima, 18 de Febrero 2021, (ANDINA).-<\/strong> La noticia del alta medica a Paolo Guerrero por parte del preparador f\u00edsico de la selecci\u00f3n peruana, N\u00e9stor Bonillo, ilusiona a los hinchas nacionales que esperan con ansias la vuelta del goleador de la Bicolor para acabar con la sequ\u00eda de triunfos que llevaron a la Blanquirroja a ubicarse pen\u00faltima de las eliminatorias al Mundial de Catar 2022.<\/span><\/p>\n<p><span style=\"color: #000000;\">La ausencia de Paolo Guerrero en el inicio de las eliminatorias al Mundial de Catar 2022 se sinti\u00f3 y es que el t\u00e9cnico Ricardo Gareca no encontr\u00f3 en Ra\u00fal Ruid\u00edaz ni el recientemente considerado Gianluca Lapadula la soluci\u00f3n a la falta de goles.<\/span><\/p>\n<p><span style=\"color: #000000;\">No obstante que Andr\u00e9 Carrillo fue clave en algunos partidos por su goles en las primeras cuatro fechas, no hubo una continuidad en el buen juego y el equipo nacional careci\u00f3 de un l\u00edder en los duelos fuertes contra Chile, Brasil y Argentina, en los que mordi\u00f3 el polvo de la derrota.<\/span><\/p>\n<p><span style=\"color: #000000;\">La presencia de Guerrero, de 37 a\u00f1os, le brindar\u00eda ese orden al equipo dentro del campo de juego, ya que el delantero se pondr\u00eda el equipo al hombro e impondr\u00eda su voz de mando en la siguiente fecha doble ante Bolivia y Venezuela, en marzo.<\/span><\/p>\n<p><span style=\"color: #000000;\">Hay que considerar que Guerrero es el m\u00e1ximo goleador hist\u00f3rico con 39 tantos en 103 partidos, superando a Te\u00f3filo Cubillas. Es el \u00fanico futbolista de la selecci\u00f3n peruana que le ha anotado goles a todos los pa\u00edses de la Confederaci\u00f3n Sudamericana de F\u00fatbol (Conmebol).<\/span><\/p>\n<p><strong><span style=\"color: #000000;\">Ausencia prolongada<\/span><\/strong><\/p>\n<p><span style=\"color: #000000;\">Guerrero sufri\u00f3 una rotura de ligamentos cruzados en la rodilla derecha el 16 agosto del a\u00f1o pasado, una de las lesiones m\u00e1s graves que puede ocurrirle a un deportista, pero se ha recuperado bien en Porto Alegre y podr\u00eda ser convocado para los dos \u00faltimos partidos del Brasileirao, que el Inter lidera.<\/span><\/p>\n<p><span style=\"color: #000000;\">El domingo chocar\u00e1 frente al Flamengo, su escolta por un punto, en el que ser\u00e1 el encuentro del a\u00f1o en Brasil. Es poco probable que Paolo vea minutos en ese partido, aunque tiene opciones de jugar en la \u00faltima fecha frente al Corinthians, el pr\u00f3ximo jueves 25.<\/span><\/p>\n<p><span style=\"color: #000000;\">\u00abSoy muy optimista con Paolo Guerrero, cada vez m\u00e1s. Hoy (ayer) le dieron el alta m\u00e9dica para que haga lo que tiene que hacer en su club (todo lo que le exijan). Significa que su evoluci\u00f3n es muy buena\u201d, mencion\u00f3 Bonillo en \u00abBarrio F\u00fatbol\u00bb de radio Uni\u00f3n.<\/span><\/p>\n<p><span style=\"color: #000000;\">Por otro lado, Bonillo agreg\u00f3 que Jefferson Farf\u00e1n tambi\u00e9n ha recibido el alta m\u00e9dica y que ya puede trabajar con normalidad en la Videna.<\/span><\/p>\n<p><span style=\"color: #000000;\">De hecho, el delantero ya entrena con Alexander Callens y Marcos L\u00f3pez, y lo har\u00e1 tambi\u00e9n con los once futbolistas del torneo local a los que convoc\u00f3 Ricardo Gareca para el primer microciclo del a\u00f1o, el 22 y el 23 de febrero.<\/span><\/p>\n<blockquote class=\"twitter-tweet\">\n<p dir=\"ltr\" lang=\"es\">\u00a1El m\u00e1ximo esfuerzo! \u261d\ufe0f<\/p>\n<p>Jefferson Farf\u00e1n, Alexander Callens y Marcos L\u00f3pez completaron otro d\u00eda de trabajos en la Videna FPF, cumpliendo los protocolos de bioseguridad exigidos por el gobierno.<\/p>\n<p>M\u00e1s informaci\u00f3n aqu\u00ed \u25b6\ufe0f <a href=\"https:\/\/t.co\/uhyt0vPNan\">https:\/\/t.co\/uhyt0vPNan<\/a><a href=\"https:\/\/twitter.com\/hashtag\/ArribaPer%C3%BA?src=hash&amp;ref_src=twsrc%5Etfw\">#ArribaPer\u00fa<\/a> \ud83d\udcaa <a href=\"https:\/\/t.co\/glYmSSjPsj\">pic.twitter.com\/glYmSSjPsj<\/a><\/p>\n<p>\u2014 Selecci\u00f3n Peruana \ud83c\uddf5\ud83c\uddea (@SeleccionPeru) <a href=\"https:\/\/twitter.com\/SeleccionPeru\/status\/1362086576055058435?ref_src=twsrc%5Etfw\">February 17, 2021<\/a><\/p><\/blockquote>\n<p><script async src=\"https:\/\/platform.twitter.com\/widgets.js\" charset=\"utf-8\"><\/script><\/p>\n","protected":false},"excerpt":{"rendered":"<p>Goleador hist\u00f3rico de la selecci\u00f3n recibi\u00f3 el alta m\u00e9dica y es un hecho su vuelta a la Bicolor tras 6 meses Lima, 18 de Febrero 2021, (ANDINA).- La noticia del alta medica a Paolo Guerrero por parte del preparador f\u00edsico de la selecci\u00f3n peruana, N\u00e9stor Bonillo, ilusiona a los hinchas nacionales que esperan con ansias [&hellip;]<\/p>\n","protected":false},"author":1,"featured_media":61043,"comment_status":"closed","ping_status":"closed","sticky":false,"template":"","format":"standard","meta":{"rop_custom_images_group":[],"rop_custom_messages_group":[],"rop_publish_now":"initial","rop_publish_now_accounts":[],"rop_publish_now_history":[],"rop_publish_now_status":"pending","footnotes":""},"categories":[8],"tags":[4431,203],"class_list":["post-93085","post","type-post","status-publish","format-standard","has-post-thumbnail","hentry","category-disciplinas-deportivas","tag-eliminatorias-qatar-2022","tag-paolo-guerrero"],"_links":{"self":[{"href":"https:\/\/elinformanteperu.com\/index.php\/wp-json\/wp\/v2\/posts\/93085","targetHints":{"allow":["GET"]}}],"collection":[{"href":"https:\/\/elinformanteperu.com\/index.php\/wp-json\/wp\/v2\/posts"}],"about":[{"href":"https:\/\/elinformanteperu.com\/index.php\/wp-json\/wp\/v2\/types\/post"}],"author":[{"embeddable":true,"href":"https:\/\/elinformanteperu.com\/index.php\/wp-json\/wp\/v2\/users\/1"}],"replies":[{"embeddable":true,"href":"https:\/\/elinformanteperu.com\/index.php\/wp-json\/wp\/v2\/comments?post=93085"}],"version-history":[{"count":1,"href":"https:\/\/elinformanteperu.com\/index.php\/wp-json\/wp\/v2\/posts\/93085\/revisions"}],"predecessor-version":[{"id":93087,"href":"https:\/\/elinformanteperu.com\/index.php\/wp-json\/wp\/v2\/posts\/93085\/revisions\/93087"}],"wp:featuredmedia":[{"embeddable":true,"href":"https:\/\/elinformanteperu.com\/index.php\/wp-json\/wp\/v2\/media\/61043"}],"wp:attachment":[{"href":"https:\/\/elinformanteperu.com\/index.php\/wp-json\/wp\/v2\/media?parent=93085"}],"wp:term":[{"taxonomy":"category","embeddable":true,"href":"https:\/\/elinformanteperu.com\/index.php\/wp-json\/wp\/v2\/categories?post=93085"},{"taxonomy":"post_tag","embeddable":true,"href":"https:\/\/elinformanteperu.com\/index.php\/wp-json\/wp\/v2\/tags?post=93085"}],"curies":[{"name":"wp","href":"https:\/\/api.w.org\/{rel}","templated":true}]}}