{"id":93064,"date":"2021-02-18T00:02:43","date_gmt":"2021-02-18T05:02:43","guid":{"rendered":"https:\/\/elinformanteperu.com\/?p=93064"},"modified":"2021-02-18T00:02:43","modified_gmt":"2021-02-18T05:02:43","slug":"mirtha-vasquez-no-existe-sustento-para-censurar-a-la-mesa-directiva","status":"publish","type":"post","link":"https:\/\/elinformanteperu.com\/index.php\/2021\/02\/18\/mirtha-vasquez-no-existe-sustento-para-censurar-a-la-mesa-directiva\/","title":{"rendered":"Mirtha V\u00e1squez: no existe sustento para censurar a la Mesa Directiva"},"content":{"rendered":"<p><span style=\"color: #000000;\"><strong>Lima, 17 de Febrero 2021, (ANDINA).-<\/strong> La presidenta del Congreso, Mirtha V\u00e1squez, afirm\u00f3 que no existe sustento para plantear una censura contra la Mesa Directiva del Parlamento e hizo un llamado a la sensatez a los legisladores en momentos que se vive una crisis sanitaria con la presencia del covid-19 en el pa\u00eds.<\/span><\/p>\n<p><span style=\"color: #000000;\">Indic\u00f3 que desde el inicio de funciones de la Mesa Directiva, de manera manera permanente, un grupo de parlamentarios lanz\u00f3 amenazas constantes de censura, pero que en los \u00faltimos d\u00edas se exacerbaron los \u00e1nimos, llegando incluso a los insultos, improperios y acusaciones infundadas.<\/span><\/p>\n<p><span style=\"color: #000000;\">\u00abCreo que la mayor\u00eda de Congreso felizmente est\u00e1 consciente de que a esta crisis sanitaria no puedes agregarle una crisis pol\u00edtica, que, adem\u00e1s no hay ning\u00fan sustento para que nos est\u00e9n llamando a dimitir o diciendo que nos van a censurar. No hay nada que realmente pueda cuestionar nuestro accionar que hasta este momento ha sido lo m\u00e1s democr\u00e1tico posible\u00bb, dijo a Canal N.<\/span><\/p>\n<p><span style=\"color: #000000;\">En ese sentido, hizo un llamado a los congresistas para se concentren en su rol de investigaci\u00f3n y fiscalizaci\u00f3n frente a la situaci\u00f3n grave que vive el pa\u00eds por el covid-19 y donde solo el d\u00eda de hoy se registraron 252 muertos, la cifra m\u00e1s alta desde que comenz\u00f3 la pandemia.<\/span><\/p>\n<p><span style=\"color: #000000;\">\u00abHagamos un llamado a los congresistas porque lo que m\u00e1s necesitamos ahora es sensatez, porque el Congreso tiene un rol muy grande y la poblaci\u00f3n espera que respondamos a las expectativas\u00bb, refiri\u00f3.<\/span><\/p>\n<p><span style=\"color: #000000;\">V\u00e1squez se\u00f1al\u00f3 que habr\u00eda varios factores para la presentaci\u00f3n de una moci\u00f3n de censura a la Mesa Directiva, por ejemplo, que algunos parlamentarios est\u00e9n tratando de capitalizar cualquier escenario de manera pol\u00edtica.<\/span><\/p>\n<p><span style=\"color: #000000;\">\u00abPor ejemplo, aprobamos la acusaci\u00f3n constitucional contra C\u00e9sar Hinostroza y los exmiembros del Consejo Nacional de la Magistratura, as\u00ed como agendamos para que se vea en la Comisi\u00f3n Permanente el caso de Edgar Alarc\u00f3n, no quisiera pensar que es una reacci\u00f3n al avance de la Mesa Directiva de manera decidida respecto a la lucha contra la corrupci\u00f3n\u00bb, dijo.<\/span><\/p>\n","protected":false},"excerpt":{"rendered":"<p>Lima, 17 de Febrero 2021, (ANDINA).- La presidenta del Congreso, Mirtha V\u00e1squez, afirm\u00f3 que no existe sustento para plantear una censura contra la Mesa Directiva del Parlamento e hizo un llamado a la sensatez a los legisladores en momentos que se vive una crisis sanitaria con la presencia del covid-19 en el pa\u00eds. Indic\u00f3 que [&hellip;]<\/p>\n","protected":false},"author":1,"featured_media":93065,"comment_status":"closed","ping_status":"closed","sticky":false,"template":"","format":"standard","meta":{"rop_custom_images_group":[],"rop_custom_messages_group":[],"rop_publish_now":"initial","rop_publish_now_accounts":[],"rop_publish_now_history":[],"rop_publish_now_status":"pending","footnotes":""},"categories":[5,5745],"tags":[192,6041],"class_list":["post-93064","post","type-post","status-publish","format-standard","has-post-thumbnail","hentry","category-actualidad-informativa","category-lo-ultimo","tag-congreso","tag-mirtha-vasquez"],"_links":{"self":[{"href":"https:\/\/elinformanteperu.com\/index.php\/wp-json\/wp\/v2\/posts\/93064","targetHints":{"allow":["GET"]}}],"collection":[{"href":"https:\/\/elinformanteperu.com\/index.php\/wp-json\/wp\/v2\/posts"}],"about":[{"href":"https:\/\/elinformanteperu.com\/index.php\/wp-json\/wp\/v2\/types\/post"}],"author":[{"embeddable":true,"href":"https:\/\/elinformanteperu.com\/index.php\/wp-json\/wp\/v2\/users\/1"}],"replies":[{"embeddable":true,"href":"https:\/\/elinformanteperu.com\/index.php\/wp-json\/wp\/v2\/comments?post=93064"}],"version-history":[{"count":1,"href":"https:\/\/elinformanteperu.com\/index.php\/wp-json\/wp\/v2\/posts\/93064\/revisions"}],"predecessor-version":[{"id":93066,"href":"https:\/\/elinformanteperu.com\/index.php\/wp-json\/wp\/v2\/posts\/93064\/revisions\/93066"}],"wp:featuredmedia":[{"embeddable":true,"href":"https:\/\/elinformanteperu.com\/index.php\/wp-json\/wp\/v2\/media\/93065"}],"wp:attachment":[{"href":"https:\/\/elinformanteperu.com\/index.php\/wp-json\/wp\/v2\/media?parent=93064"}],"wp:term":[{"taxonomy":"category","embeddable":true,"href":"https:\/\/elinformanteperu.com\/index.php\/wp-json\/wp\/v2\/categories?post=93064"},{"taxonomy":"post_tag","embeddable":true,"href":"https:\/\/elinformanteperu.com\/index.php\/wp-json\/wp\/v2\/tags?post=93064"}],"curies":[{"name":"wp","href":"https:\/\/api.w.org\/{rel}","templated":true}]}}