{"id":93062,"date":"2021-02-18T00:00:51","date_gmt":"2021-02-18T05:00:51","guid":{"rendered":"https:\/\/elinformanteperu.com\/?p=93062"},"modified":"2021-02-18T00:07:56","modified_gmt":"2021-02-18T05:07:56","slug":"candidatos-a-la-presidencia-no-se-escucha-nada-sobre-la-seguridad-ciudadana","status":"publish","type":"post","link":"https:\/\/elinformanteperu.com\/index.php\/2021\/02\/18\/candidatos-a-la-presidencia-no-se-escucha-nada-sobre-la-seguridad-ciudadana\/","title":{"rendered":"Candidatos a la presidencia: No se escucha nada sobre la seguridad ciudadana &#8211; Opini\u00f3n de C\u00e9sar Ortiz Anderson"},"content":{"rendered":"<p><span style=\"color: #000000;\"><strong>Lima, 17 de Febrero 2021, (Env\u00edo especial para El Informante Per\u00fa).-<\/strong> Nuestros pol\u00edticos en campa\u00f1a son expertos en decir &#8216;qu\u00e9 har\u00e1n&#8217;, pero nunca nos dicen, el &#8216;c\u00f3mo lo har\u00e1n&#8217;, &#8216;en que tiempo&#8217;, un estimado del&#8217;, &#8216;costo de su propuesta&#8217; y finalmente \u00bfCu\u00e1l ser\u00e1 el equipo de expertos que trabajar\u00e1n, para hacer realidad esa oferta electoral?, la verdad muy pocas veces cumplen lo que ofrecieron o lo que es peor hacen todo lo contrario, sin duda el tema de salud hoy en plena Pandemia es el prioritario, al igual que la econom\u00eda, el trabajo, la educaci\u00f3n, pero no perdamos de vista la otra pandemia que es la Inseguridad Ciudadana que hoy vivimos.<\/span><\/p>\n<p><span style=\"color: #000000;\">Por ejemplo y en mi opini\u00f3n, los candidatos deber\u00edan de hablar de un plan donde se planteara una reingenier\u00eda en instituciones como la Polic\u00eda, Sistema Penitenciario, Ministerio Publico. Debe, seg\u00fan mi opini\u00f3n, desde un inicio realizar un pacto de mucho mayor control en el tercer poder del Estado, el Poder Judicial, son muchos los ejes que tiene que contemplarse en una propuesta que sea seria, viable y sobre todo con una clara voluntad pol\u00edtica al m\u00e1s alto nivel, un eje estrat\u00e9gico para una reingenier\u00eda por ejemplo, es el uso de una apropiada tecnolog\u00eda, que hoy existe por citar algunos como los Drones, c\u00e1maras en los patrulleros y en los polic\u00edas, centrales de respuestas r\u00e1pida estrat\u00e9gicamente ubicadas, tiene que haber un Plan de seguridad ciudadana, que nos se\u00f1ale todo un proceso de transformaci\u00f3n que sea Integral y Articulado, con varios objetivos, entre ellos contar con una polic\u00eda m\u00e1s cercana a la sociedad.<\/span><\/p>\n<p><span style=\"color: #000000;\">Nuestras prisiones no son nada seguras, dentro de ellas se manejan muchos delitos, se tiene que mejorar en ellas estructuras y sistemas de seguridad, como c\u00e1maras, bloqueadores, al haber trabajado en el INPE, se perfectamente que es viable hacerlo, los votantes estar\u00e1n muy atentos en los planteamientos que hagan esta vez los candidatos, hay una gran demanda de toda la sociedad, para que se pueda garantizar la seguridad de la poblaci\u00f3n, un tema de los Serenazgos es muy importante definirlo, se trabaja un marco legal para darle facultades o pasan como fuerza de seguridad p\u00fablica a la polic\u00eda, de ello nadie habla y son casi 30 a\u00f1os que tenemos Serenazgos en el pa\u00eds.<\/span><\/p>\n<p><span style=\"color: #000000;\">Hoy es importante que los ciudadanos asuman una cultura de prevenci\u00f3n, contra el Virus del Covid-19 y contra la delincuencia, los operativos preventivos desplegados a nivel nacional, para hacer cumplir las medidas restrictivas de control para la Pandemia, ha distra\u00eddo a la polic\u00eda en su batalla contra la delincuencia, habiendo contagiado a un n\u00famero importante de polic\u00edas, son m\u00e1s de 34,000 los infectados y 540 han fallecido, por ello es que vemos muchos menos polic\u00edas en las calles.<\/span><\/p>\n<p><span style=\"color: #000000;\">Finalmente hay incertidumbre y desconfianza en muchas cosas, incluso que se puedan suspender las elecciones programadas para el mes de Abril, los ciudadanos debemos estar muy atentos.<\/span><\/p>\n<p><strong><span style=\"color: #000000;\">(*) Presidente de Aprosec<\/span><\/strong><br \/>\n<strong><span style=\"color: #000000;\">www.aprosec.org<\/span><\/strong><\/p>\n","protected":false},"excerpt":{"rendered":"<p>Lima, 17 de Febrero 2021, (Env\u00edo especial para El Informante Per\u00fa).- Nuestros pol\u00edticos en campa\u00f1a son expertos en decir &#8216;qu\u00e9 har\u00e1n&#8217;, pero nunca nos dicen, el &#8216;c\u00f3mo lo har\u00e1n&#8217;, &#8216;en que tiempo&#8217;, un estimado del&#8217;, &#8216;costo de su propuesta&#8217; y finalmente \u00bfCu\u00e1l ser\u00e1 el equipo de expertos que trabajar\u00e1n, para hacer realidad esa oferta electoral?, [&hellip;]<\/p>\n","protected":false},"author":1,"featured_media":24545,"comment_status":"closed","ping_status":"closed","sticky":false,"template":"","format":"standard","meta":{"rop_custom_images_group":[],"rop_custom_messages_group":[],"rop_publish_now":"initial","rop_publish_now_accounts":[],"rop_publish_now_history":[],"rop_publish_now_status":"pending","footnotes":""},"categories":[11],"tags":[118],"class_list":["post-93062","post","type-post","status-publish","format-standard","has-post-thumbnail","hentry","category-opinion-libre","tag-cesar-ortiz-anderson"],"_links":{"self":[{"href":"https:\/\/elinformanteperu.com\/index.php\/wp-json\/wp\/v2\/posts\/93062","targetHints":{"allow":["GET"]}}],"collection":[{"href":"https:\/\/elinformanteperu.com\/index.php\/wp-json\/wp\/v2\/posts"}],"about":[{"href":"https:\/\/elinformanteperu.com\/index.php\/wp-json\/wp\/v2\/types\/post"}],"author":[{"embeddable":true,"href":"https:\/\/elinformanteperu.com\/index.php\/wp-json\/wp\/v2\/users\/1"}],"replies":[{"embeddable":true,"href":"https:\/\/elinformanteperu.com\/index.php\/wp-json\/wp\/v2\/comments?post=93062"}],"version-history":[{"count":2,"href":"https:\/\/elinformanteperu.com\/index.php\/wp-json\/wp\/v2\/posts\/93062\/revisions"}],"predecessor-version":[{"id":93070,"href":"https:\/\/elinformanteperu.com\/index.php\/wp-json\/wp\/v2\/posts\/93062\/revisions\/93070"}],"wp:featuredmedia":[{"embeddable":true,"href":"https:\/\/elinformanteperu.com\/index.php\/wp-json\/wp\/v2\/media\/24545"}],"wp:attachment":[{"href":"https:\/\/elinformanteperu.com\/index.php\/wp-json\/wp\/v2\/media?parent=93062"}],"wp:term":[{"taxonomy":"category","embeddable":true,"href":"https:\/\/elinformanteperu.com\/index.php\/wp-json\/wp\/v2\/categories?post=93062"},{"taxonomy":"post_tag","embeddable":true,"href":"https:\/\/elinformanteperu.com\/index.php\/wp-json\/wp\/v2\/tags?post=93062"}],"curies":[{"name":"wp","href":"https:\/\/api.w.org\/{rel}","templated":true}]}}