{"id":93053,"date":"2021-02-17T23:48:34","date_gmt":"2021-02-18T04:48:34","guid":{"rendered":"https:\/\/elinformanteperu.com\/?p=93053"},"modified":"2021-02-17T23:48:34","modified_gmt":"2021-02-18T04:48:34","slug":"elecciones-2021-fujimori-anuncia-que-convocara-al-empresariado-para-compra-de-vacunas","status":"publish","type":"post","link":"https:\/\/elinformanteperu.com\/index.php\/2021\/02\/17\/elecciones-2021-fujimori-anuncia-que-convocara-al-empresariado-para-compra-de-vacunas\/","title":{"rendered":"Elecciones 2021: Fujimori anuncia que convocar\u00e1 al empresariado para compra de vacunas"},"content":{"rendered":"<p><strong><span style=\"color: #000000;\">Anuncia la construcci\u00f3n de 3,000 colegios en el pa\u00eds<\/span><\/strong><\/p>\n<p><span style=\"color: #000000;\"><strong>Lima, 17 de Febrero 2021, (ANDINA).-<\/strong> La candidata de Fuerza Popular, Keiko Fujimori, anunci\u00f3 que, de llegar al gobierno, pondr\u00e1 en marcha desde el 28 de julio, una gran cruzada nacional a la que denomin\u00f3 \u00abSuma de vacunas\u00bb, cuyo objetivo es que a fines del 2021 todos los peruanos est\u00e9n vacunados contra el covid 19<\/span><\/p>\n<p><span style=\"color: #000000;\">\u00abEstado m\u00e1s privados todos vacunados\u00bb se\u00f1al\u00f3 la candidata al indicar que es necesario adoptar una medida sin precedentes como es convocar al empresariado y formar una gran alianza \u00abpara salvar la vida a nuestro pueblo\u00bb.<\/span><\/p>\n<p><span style=\"color: #000000;\">En ese sentido, dijo que el empresariado pueden financiar la compra de vacunas en el extranjero, quienes podr\u00e1n inmunizar a todos sus trabajadores y sus familias, pero tambi\u00e9n a los pobladores en sus zonas de influencia.<\/span><\/p>\n<p><span style=\"color: #000000;\">La propuesta fue lanzada durante el CADE Electoral organizado por IPAE y donde cuatro candidatos a la presidencia de la Rep\u00fablica, Keiko Fujimori (Fuerza Popular), Julio Guzm\u00e1n (Partido Morado), George Forsyth (Victoria Nacional) y Ver\u00f3nika Mendoza (Juntos por el Per\u00fa) expusieron sus planes de gobierno en salud, educaci\u00f3n y pol\u00edtica social.<\/span><\/p>\n<p><span style=\"color: #000000;\">Fujimori dijo luego que a la par de convocar al sector privado, su gobierno continuar\u00e1 comprando las vacunas para la primera l\u00ednea y la poblaci\u00f3n vulnerable.<\/span><\/p>\n<p><span style=\"color: #000000;\">\u00abLa salud del pueblo esta encima de todo\u00bb enfatiz\u00f3, luego de ratificar la implementaci\u00f3n de tres acciones contenidas en su plan de gobierno \u00abRescate 2021\u00bb: el control de la pandemia; reformar el sistema de salud e invertir en investigaci\u00f3n cient\u00edfica e innovaci\u00f3n productiva.<\/span><\/p>\n<p><strong><span style=\"color: #000000;\">Educaci\u00f3n<\/span><\/strong><\/p>\n<p><span style=\"color: #000000;\">Al abordar el segundo tema referido a la educaci\u00f3n, la candidata de Fuerza Popular, afirm\u00f3 la necesidad de un plan audaz y creativo para lograr que los escolares tengan un mejor servicio educativo.<\/span><\/p>\n<p><span style=\"color: #000000;\">Sobre el tema de infraestructura dijo que construir\u00e1, al igual que en el gobierno de su padre Alberto Fujimori, alrededor de 3 mil colegios a ritmo de dos por d\u00eda.<\/span><\/p>\n<p><span style=\"color: #000000;\">Anunci\u00f3 tambi\u00e9n la entrega de una canasta tecnol\u00f3gica a maestros y alumnos consistente en una laptop o tableta, un smartphone con acceso a internet en todo el pa\u00eds, adem\u00e1s de garantizar el internet satelital gratuito y la red dorsal de telecomunicaciones. Agreg\u00f3 a ello la capacitaci\u00f3n para maestros en el tema digital y aumento de sus salarios.<\/span><\/p>\n<p><span style=\"color: #000000;\">En el campo de la educaci\u00f3n superior dijo que no solo fortalecer\u00e1 la Sunedu, sino que se respetar\u00e1 su autonom\u00eda<\/span><\/p>\n<p><strong><span style=\"color: #000000;\">Pol\u00edtica Social<\/span><\/strong><\/p>\n<p><span style=\"color: #000000;\">En el campo social la candidata de Fuerza Popular dijo que la gente no solo muere por el covid, sino tambi\u00e9n por la pobreza, ya que necesitan un plato de alimentos, un ingreso y un trabajo digno.<\/span><\/p>\n<p><span style=\"color: #000000;\">En tal sentido dijo que la vacuna mas eficaz para luchar contra la pobreza es el trabajo y por ello expres\u00f3 su compromiso de crear mas empleo y reducir la pobreza a los \u00edndices existentes hasta antes de la pandemia, es decir reducir de un 30 a 20%, en una primera fase.<\/span><\/p>\n<p><span style=\"color: #000000;\">Asimismo dijo que fortalecer\u00e1 programas como el Vaso de Leche, los comedores populares, ollas comunes, Qali Warma, Cuna M\u00e1s y se les asignar\u00e1 un mayor presupuesto.<\/span><\/p>\n<p><span style=\"color: #000000;\">Asimismo anunci\u00f3, en el tema del agro, la creaci\u00f3n de un Fondo Agroemprendendor para financiar proyectos p\u00fablico privados.<\/span><\/p>\n","protected":false},"excerpt":{"rendered":"<p>Anuncia la construcci\u00f3n de 3,000 colegios en el pa\u00eds Lima, 17 de Febrero 2021, (ANDINA).- La candidata de Fuerza Popular, Keiko Fujimori, anunci\u00f3 que, de llegar al gobierno, pondr\u00e1 en marcha desde el 28 de julio, una gran cruzada nacional a la que denomin\u00f3 \u00abSuma de vacunas\u00bb, cuyo objetivo es que a fines del 2021 [&hellip;]<\/p>\n","protected":false},"author":1,"featured_media":93054,"comment_status":"closed","ping_status":"closed","sticky":false,"template":"","format":"standard","meta":{"rop_custom_images_group":[],"rop_custom_messages_group":[],"rop_publish_now":"initial","rop_publish_now_accounts":[],"rop_publish_now_history":[],"rop_publish_now_status":"pending","footnotes":""},"categories":[5],"tags":[6259,5461,295,557],"class_list":["post-93053","post","type-post","status-publish","format-standard","has-post-thumbnail","hentry","category-actualidad-informativa","tag-cade-2021","tag-elecciones-2021","tag-fuerza-popular","tag-keiko-fujimori"],"_links":{"self":[{"href":"https:\/\/elinformanteperu.com\/index.php\/wp-json\/wp\/v2\/posts\/93053","targetHints":{"allow":["GET"]}}],"collection":[{"href":"https:\/\/elinformanteperu.com\/index.php\/wp-json\/wp\/v2\/posts"}],"about":[{"href":"https:\/\/elinformanteperu.com\/index.php\/wp-json\/wp\/v2\/types\/post"}],"author":[{"embeddable":true,"href":"https:\/\/elinformanteperu.com\/index.php\/wp-json\/wp\/v2\/users\/1"}],"replies":[{"embeddable":true,"href":"https:\/\/elinformanteperu.com\/index.php\/wp-json\/wp\/v2\/comments?post=93053"}],"version-history":[{"count":1,"href":"https:\/\/elinformanteperu.com\/index.php\/wp-json\/wp\/v2\/posts\/93053\/revisions"}],"predecessor-version":[{"id":93055,"href":"https:\/\/elinformanteperu.com\/index.php\/wp-json\/wp\/v2\/posts\/93053\/revisions\/93055"}],"wp:featuredmedia":[{"embeddable":true,"href":"https:\/\/elinformanteperu.com\/index.php\/wp-json\/wp\/v2\/media\/93054"}],"wp:attachment":[{"href":"https:\/\/elinformanteperu.com\/index.php\/wp-json\/wp\/v2\/media?parent=93053"}],"wp:term":[{"taxonomy":"category","embeddable":true,"href":"https:\/\/elinformanteperu.com\/index.php\/wp-json\/wp\/v2\/categories?post=93053"},{"taxonomy":"post_tag","embeddable":true,"href":"https:\/\/elinformanteperu.com\/index.php\/wp-json\/wp\/v2\/tags?post=93053"}],"curies":[{"name":"wp","href":"https:\/\/api.w.org\/{rel}","templated":true}]}}