{"id":93048,"date":"2021-02-17T23:42:25","date_gmt":"2021-02-18T04:42:25","guid":{"rendered":"https:\/\/elinformanteperu.com\/?p=93048"},"modified":"2021-02-17T23:42:25","modified_gmt":"2021-02-18T04:42:25","slug":"cancilleria-intensifica-busqueda-de-joven-peruano-lanzado-de-puente-en-colombia","status":"publish","type":"post","link":"https:\/\/elinformanteperu.com\/index.php\/2021\/02\/17\/cancilleria-intensifica-busqueda-de-joven-peruano-lanzado-de-puente-en-colombia\/","title":{"rendered":"Canciller\u00eda intensifica b\u00fasqueda de joven peruano lanzado de puente en Colombia"},"content":{"rendered":"<p><span style=\"color: #000000;\"><strong>Lima, 17 de Febrero 2021, (ANDINA).-<\/strong> El Ministerio de Relaciones Exteriores inform\u00f3 que, por intermedio de la embajada de Per\u00fa en Colombia y sus consulados en Medell\u00edn y Bogot\u00e1, se coordina con las autoridades colombianas el paradero del peruano Silvano Oblitas C\u00e1ntaro Tolentino, quien, en un video difundido en redes, se observa que fue arrojado desde un puente mientras se hallaba en este pa\u00eds.<\/span><\/p>\n<p><span style=\"color: #000000;\">En un comunicado, la Canciller\u00eda se\u00f1ala que desde que se conocieron los hechos se conjugan esfuerzos con las autoridades competentes de Colombia en una exhaustiva investigaci\u00f3n para determinar el paradero de C\u00e1ntaro Tolentino.<\/span><\/p>\n<p><span style=\"color: #000000;\">Sin embargo, da cuenta que hasta el momento no hay un registro oficial del ingreso del peruano a territorio colombiano, pese a lo cual \u201cse mantiene un atento seguimiento del avance de las investigaciones, as\u00ed como una comunicaci\u00f3n directa con los familiares del connacional desaparecido, los cuales residen en la ciudad de Hu\u00e1nuco\u201d.<\/span><\/p>\n<p><span style=\"color: #000000;\">Seg\u00fan familiares del joven, \u00e9l viaj\u00f3 a Colombia para comprar ropa y traerla al pa\u00eds a fin de comercializarla, pero habr\u00eda sido estafado por un ciudadano colombiano y solicitaba dinero para regresar al pa\u00eds.<\/span><\/p>\n<p><span style=\"color: #000000;\">La Canciller\u00eda reafirma su compromiso y obligaci\u00f3n constitucional de proteger los derechos fundamentales de los peruanos en el exterior y asistirlos en situaciones de emergencia para salvaguardar su integridad.<\/span><\/p>\n<p><span style=\"color: #000000;\">Asimismo, y en l\u00ednea con la pol\u00edtica del Estado peruano a favor del respeto, promoci\u00f3n y protecci\u00f3n de los derechos humanos, rechaza cualquier acto de violencia y\/o xenofobia en contra de cualquier ciudadano.<\/span><\/p>\n","protected":false},"excerpt":{"rendered":"<p>Lima, 17 de Febrero 2021, (ANDINA).- El Ministerio de Relaciones Exteriores inform\u00f3 que, por intermedio de la embajada de Per\u00fa en Colombia y sus consulados en Medell\u00edn y Bogot\u00e1, se coordina con las autoridades colombianas el paradero del peruano Silvano Oblitas C\u00e1ntaro Tolentino, quien, en un video difundido en redes, se observa que fue arrojado [&hellip;]<\/p>\n","protected":false},"author":1,"featured_media":23981,"comment_status":"closed","ping_status":"closed","sticky":false,"template":"","format":"standard","meta":{"rop_custom_images_group":[],"rop_custom_messages_group":[],"rop_publish_now":"initial","rop_publish_now_accounts":[],"rop_publish_now_history":[],"rop_publish_now_status":"pending","footnotes":""},"categories":[5],"tags":[294,1062],"class_list":["post-93048","post","type-post","status-publish","format-standard","has-post-thumbnail","hentry","category-actualidad-informativa","tag-cancilleria","tag-peruanos-en-el-extranjero"],"_links":{"self":[{"href":"https:\/\/elinformanteperu.com\/index.php\/wp-json\/wp\/v2\/posts\/93048","targetHints":{"allow":["GET"]}}],"collection":[{"href":"https:\/\/elinformanteperu.com\/index.php\/wp-json\/wp\/v2\/posts"}],"about":[{"href":"https:\/\/elinformanteperu.com\/index.php\/wp-json\/wp\/v2\/types\/post"}],"author":[{"embeddable":true,"href":"https:\/\/elinformanteperu.com\/index.php\/wp-json\/wp\/v2\/users\/1"}],"replies":[{"embeddable":true,"href":"https:\/\/elinformanteperu.com\/index.php\/wp-json\/wp\/v2\/comments?post=93048"}],"version-history":[{"count":1,"href":"https:\/\/elinformanteperu.com\/index.php\/wp-json\/wp\/v2\/posts\/93048\/revisions"}],"predecessor-version":[{"id":93049,"href":"https:\/\/elinformanteperu.com\/index.php\/wp-json\/wp\/v2\/posts\/93048\/revisions\/93049"}],"wp:featuredmedia":[{"embeddable":true,"href":"https:\/\/elinformanteperu.com\/index.php\/wp-json\/wp\/v2\/media\/23981"}],"wp:attachment":[{"href":"https:\/\/elinformanteperu.com\/index.php\/wp-json\/wp\/v2\/media?parent=93048"}],"wp:term":[{"taxonomy":"category","embeddable":true,"href":"https:\/\/elinformanteperu.com\/index.php\/wp-json\/wp\/v2\/categories?post=93048"},{"taxonomy":"post_tag","embeddable":true,"href":"https:\/\/elinformanteperu.com\/index.php\/wp-json\/wp\/v2\/tags?post=93048"}],"curies":[{"name":"wp","href":"https:\/\/api.w.org\/{rel}","templated":true}]}}