{"id":92547,"date":"2021-02-10T18:46:35","date_gmt":"2021-02-10T23:46:35","guid":{"rendered":"https:\/\/elinformanteperu.com\/?p=92547"},"modified":"2021-02-10T18:46:35","modified_gmt":"2021-02-10T23:46:35","slug":"ricardo-gareca-cumple-hoy-63-anos-y-recibe-emotivos-saludos-por-onomastico","status":"publish","type":"post","link":"https:\/\/elinformanteperu.com\/index.php\/2021\/02\/10\/ricardo-gareca-cumple-hoy-63-anos-y-recibe-emotivos-saludos-por-onomastico\/","title":{"rendered":"Ricardo Gareca cumple hoy 63 a\u00f1os y recibe emotivos saludos por onom\u00e1stico"},"content":{"rendered":"<p><strong><span style=\"color: #000000;\">La Conmebol, la selecci\u00f3n peruana y el V\u00e9lez Sarsfield saludaron al estratega argentino<\/span><\/strong><\/p>\n<p><span style=\"color: #000000;\"><strong>Lima, 10 de Febrero 2021, (ANDINA).-<\/strong> El t\u00e9cnico Ricardo Gareca cumple hoy 63 a\u00f1os y entidades deportivas como la Confederaci\u00f3n Sudamericana de F\u00fatbol (Conmebol), la selecci\u00f3n peruana y el club V\u00e9lez Sarsfield, donde el estratega es uno de sus \u00eddolos, se hicieron presentes con saludos emotivos por este d\u00eda.<\/span><\/p>\n<p><span style=\"color: #000000;\">\u00ab\u00a1Hoy est\u00e1 de cumplea\u00f1os Ricardo Gareca!, director t\u00e9cnico de la selecci\u00f3n peruana y segundo m\u00e1ximo goleador del Am\u00e9rica de Cali en la Conmebol Libertadores \u00a1Felices a\u00f1os!\u00bb, public\u00f3 la Conmebol.<\/span><\/p>\n<p><span style=\"color: #000000;\">Asimismo, la selecci\u00f3n peruana en su cuenta oficial de Twitter dedic\u00f3 una publicaci\u00f3n al estratega, quien descart\u00f3 la posibilidad de renunciar a su cargo, debido a que tiene un compromiso de llevar nuevamente a la Bicolor a una Copa del Mundo.<\/span><\/p>\n<p><span style=\"color: #000000;\">\u00abEn el d\u00eda de su cumplea\u00f1os, saludamos con mucho afecto a Ricardo Gareca, entrenador con m\u00e1s partidos dirigidos en la historia de nuestra @SeleccionPeru y quien nos llev\u00f3 al \u00faltimo Mundial de Rusia 2018. \u00a1Muchas felicidades, Profe! \u00ab, escribi\u00f3 la escuadra nacional.<\/span><\/p>\n<p><span style=\"color: #000000;\">Por otro lado, Gareca fue tambi\u00e9n destacado por el club de sus amores, V\u00e9lez Sarsfield, descoll\u00f3 como jugador y entrenador con varios t\u00edtulos para la vitrinas del conocido equipo argentino.<\/span><\/p>\n<p><span style=\"color: #000000;\">\u00abEl 10 de febrero de 1958 nac\u00eda Ricardo Alberto Gareca; el exjugador, el t\u00e9cnico exitoso y un hombre que camina por la vida con un bagaje envidiable de valores. Un s\u00edmbolo del V\u00e9lez\u00bb, se\u00f1al\u00f3.<\/span><\/p>\n<p><span style=\"color: #000000;\">Ricardo Alberto Gareca naci\u00f3 en Tapiales, Buenos Aires, el 10 de febrero de 1958. Fue delantero en sus a\u00f1os de futbolista y jug\u00f3 en los principales clubes de su pa\u00eds, destacando en el V\u00e9lez Sarsfield y Boca Juniors.<\/span><\/p>\n<p><span style=\"color: #000000;\">Actualmente es el entrenador de la selecci\u00f3n peruana de f\u00fatbol, con la que ha conseguido una medalla de bronce en la Copa Am\u00e9rica 2015, la clasificaci\u00f3n a la Copa Mundial del 2018 despu\u00e9s de 36 a\u00f1os de ausencia y la medalla de plata en la Copa Am\u00e9rica 2019.<\/span><\/p>\n<p><span style=\"color: #000000;\">Fue formado en Boca Juniors, debutando con este equipo en 1978. Pas\u00f3 en 1981 a Sarmiento de Jun\u00edn donde se destac\u00f3 como goleador y fue reintegrado a Boca en 1982, permaneci\u00f3 en este club hasta 1984.<\/span><\/p>\n<p><span style=\"color: #000000;\">Tras un breve paso por River Plate lleg\u00f3 en 1985 al Am\u00e9rica de Cali, consiguiendo dos campeonatos en 1985 y 1986.<\/span><\/p>\n<p><span style=\"color: #000000;\">En 1989 retorn\u00f3 a Argentina para jugar por el V\u00e9lez Sarsfield, club del que es hincha, y finaliz\u00f3 su carrera futbol\u00edstica en Independiente de Avellaneda con el que logr\u00f3 la Supercopa Sudamericana 1994.<\/span><\/p>\n<p><span style=\"color: #000000;\">Como entrenador tiene un amplio recorrido. Dirigi\u00f3 a San Mart\u00edn de Tucum\u00e1n, Independiente de Avellaneda, Col\u00f3n de Santa Fe, Quilmes y Argentinos Juniors. Am\u00e9rica de Cali, Santa Fe, Universitario de Deportes (2007 y 2008), V\u00e9lez Sarsfield y Palmeiras de Brasil.<\/span><\/p>\n<p><span style=\"color: #000000;\">Desde el 2015 es entrenador de la selecci\u00f3n peruana, alcanzando los mejores resultados en su carrera como estratega.<\/span><\/p>\n<p><img fetchpriority=\"high\" decoding=\"async\" class=\"aligncenter size-full wp-image-70960\" src=\"https:\/\/elinformanteperu.com\/wp-content\/uploads\/2020\/05\/Ricardo-Gareca8.jpg\" alt=\"\" width=\"1800\" height=\"1212\" srcset=\"https:\/\/elinformanteperu.com\/wp-content\/uploads\/2020\/05\/Ricardo-Gareca8.jpg 1800w, https:\/\/elinformanteperu.com\/wp-content\/uploads\/2020\/05\/Ricardo-Gareca8-300x202.jpg 300w, https:\/\/elinformanteperu.com\/wp-content\/uploads\/2020\/05\/Ricardo-Gareca8-1024x689.jpg 1024w, https:\/\/elinformanteperu.com\/wp-content\/uploads\/2020\/05\/Ricardo-Gareca8-768x517.jpg 768w, https:\/\/elinformanteperu.com\/wp-content\/uploads\/2020\/05\/Ricardo-Gareca8-1536x1034.jpg 1536w\" sizes=\"(max-width: 1800px) 100vw, 1800px\" \/><\/p>\n","protected":false},"excerpt":{"rendered":"<p>La Conmebol, la selecci\u00f3n peruana y el V\u00e9lez Sarsfield saludaron al estratega argentino Lima, 10 de Febrero 2021, (ANDINA).- El t\u00e9cnico Ricardo Gareca cumple hoy 63 a\u00f1os y entidades deportivas como la Confederaci\u00f3n Sudamericana de F\u00fatbol (Conmebol), la selecci\u00f3n peruana y el club V\u00e9lez Sarsfield, donde el estratega es uno de sus \u00eddolos, se hicieron [&hellip;]<\/p>\n","protected":false},"author":1,"featured_media":92548,"comment_status":"closed","ping_status":"closed","sticky":false,"template":"","format":"standard","meta":{"rop_custom_images_group":[],"rop_custom_messages_group":[],"rop_publish_now":"initial","rop_publish_now_accounts":[],"rop_publish_now_history":[],"rop_publish_now_status":"pending","footnotes":""},"categories":[8],"tags":[92],"class_list":["post-92547","post","type-post","status-publish","format-standard","has-post-thumbnail","hentry","category-disciplinas-deportivas","tag-ricardo-gareca"],"_links":{"self":[{"href":"https:\/\/elinformanteperu.com\/index.php\/wp-json\/wp\/v2\/posts\/92547","targetHints":{"allow":["GET"]}}],"collection":[{"href":"https:\/\/elinformanteperu.com\/index.php\/wp-json\/wp\/v2\/posts"}],"about":[{"href":"https:\/\/elinformanteperu.com\/index.php\/wp-json\/wp\/v2\/types\/post"}],"author":[{"embeddable":true,"href":"https:\/\/elinformanteperu.com\/index.php\/wp-json\/wp\/v2\/users\/1"}],"replies":[{"embeddable":true,"href":"https:\/\/elinformanteperu.com\/index.php\/wp-json\/wp\/v2\/comments?post=92547"}],"version-history":[{"count":1,"href":"https:\/\/elinformanteperu.com\/index.php\/wp-json\/wp\/v2\/posts\/92547\/revisions"}],"predecessor-version":[{"id":92549,"href":"https:\/\/elinformanteperu.com\/index.php\/wp-json\/wp\/v2\/posts\/92547\/revisions\/92549"}],"wp:featuredmedia":[{"embeddable":true,"href":"https:\/\/elinformanteperu.com\/index.php\/wp-json\/wp\/v2\/media\/92548"}],"wp:attachment":[{"href":"https:\/\/elinformanteperu.com\/index.php\/wp-json\/wp\/v2\/media?parent=92547"}],"wp:term":[{"taxonomy":"category","embeddable":true,"href":"https:\/\/elinformanteperu.com\/index.php\/wp-json\/wp\/v2\/categories?post=92547"},{"taxonomy":"post_tag","embeddable":true,"href":"https:\/\/elinformanteperu.com\/index.php\/wp-json\/wp\/v2\/tags?post=92547"}],"curies":[{"name":"wp","href":"https:\/\/api.w.org\/{rel}","templated":true}]}}