{"id":92542,"date":"2021-02-10T18:35:49","date_gmt":"2021-02-10T23:35:49","guid":{"rendered":"https:\/\/elinformanteperu.com\/?p=92542"},"modified":"2021-02-10T23:43:14","modified_gmt":"2021-02-11T04:43:14","slug":"edison-flores-asegura-que-deben-cambiar-de-actitud-para-comenzar-a-ganar","status":"publish","type":"post","link":"https:\/\/elinformanteperu.com\/index.php\/2021\/02\/10\/edison-flores-asegura-que-deben-cambiar-de-actitud-para-comenzar-a-ganar\/","title":{"rendered":"Edison Flores asegura que deben cambiar de actitud para comenzar a ganar"},"content":{"rendered":"<p><strong><span style=\"color: #000000;\">Asegura que los jugadores siguen creyendo en la idea de juego del t\u00e9cnico Gareca<\/span><\/strong><\/p>\n<p><span style=\"color: #000000;\"><strong>Lima, 10 de Febrero 2021, (ANDINA).-<\/strong> El mediocampista Edison Flores asegur\u00f3 que los jugadores de la selecci\u00f3n peruana deben cambiar de actitud para poder dar vuelta al mal momento que viven en las eliminatorias al Mundial de Catar 2022, en el que est\u00e1n posicionados en el pen\u00faltimo lugar. Tambi\u00e9n dijo desconocer si su club lo liberar\u00e1 para afrontar la fecha doble ante Bolivia y Venezuela.<\/span><\/p>\n<p><span style=\"color: #000000;\">Edison Flores afirm\u00f3 que se prepara muy fuerte para llegar de la mejor manera posible.<\/span><\/p>\n<p><span style=\"color: #000000;\">\u00abLa verdad no s\u00e9 si voy a ir. Por lo pronto, me estoy preparando para estar presente y espero que as\u00ed sea. Me preparo para el inicio de pretemporada y en el medio vienen los partidos con la selecci\u00f3n y el inicio de temporada\u00bb, dijo Flores en Pulso Sports.<\/span><\/p>\n<p><span style=\"color: #000000;\">Con respecto al presente de la selecci\u00f3n peruana en las eliminatorias sudamericanas, Flores coment\u00f3 que tienen un buen equipo para seguir peleando por clasificar al Mundial de Catar 2022<\/span><\/p>\n<p><span style=\"color: #000000;\">\u00abNo ha sido un buen inicio en las eliminatorias, pero creo fielmente en la idea del profesor y en el grupo que tenemos. Contamos con buen equipo para pelear esos partidos al m\u00e1ximo y tratar de sacar los tres puntos en cada encuentro. Creo que el 2021 va a ser un gran a\u00f1o, ya conocemos a la pandemia y no nos puede afectar\u00bb, dijo Flores.<\/span><\/p>\n<p><span style=\"color: #000000;\">\u00abDespu\u00e9s del Mundial de Rusia 2018 se dio una mala fortuna y creo que eso nos hizo perder partidos y puntos. Esta \u00faltima fecha fue un remez\u00f3n para nosotros y hay que cambiar la actitud. Debemos cambiar en muchas cosas, en la actitud, en lo futbol\u00edstico&#8230;, tenemos que encontrarnos\u00bb, agreg\u00f3 el jugador del DC United de la MLS.<\/span><\/p>\n<p><span style=\"color: #000000;\">Por \u00faltimo, se refiri\u00f3 a si el tema f\u00edsico puede influir en estos dos partidos que se vienen por las eliminatorias.<\/span><\/p>\n<p><span style=\"color: #000000;\">\u00abConsidero que no influir\u00e1 el hecho de que no tengamos ritmo futbol\u00edstico. El a\u00f1o pasado nos afect\u00f3, especialmente a m\u00ed, pero este es diferente y por ello me estoy preparando de la mejor manera en todos los aspectos. Pretendo llegar bien al inicio de la pretemporada y obviamente al inicio de las eliminatorias\u00bb, culmin\u00f3.<\/span><\/p>\n<p><img fetchpriority=\"high\" decoding=\"async\" class=\"aligncenter size-full wp-image-53367\" src=\"https:\/\/elinformanteperu.com\/wp-content\/uploads\/2019\/07\/edison-flores3.jpg\" alt=\"\" width=\"1800\" height=\"1161\" srcset=\"https:\/\/elinformanteperu.com\/wp-content\/uploads\/2019\/07\/edison-flores3.jpg 1800w, https:\/\/elinformanteperu.com\/wp-content\/uploads\/2019\/07\/edison-flores3-300x194.jpg 300w, https:\/\/elinformanteperu.com\/wp-content\/uploads\/2019\/07\/edison-flores3-768x495.jpg 768w, https:\/\/elinformanteperu.com\/wp-content\/uploads\/2019\/07\/edison-flores3-1024x660.jpg 1024w, https:\/\/elinformanteperu.com\/wp-content\/uploads\/2019\/07\/edison-flores3-128x83.jpg 128w, https:\/\/elinformanteperu.com\/wp-content\/uploads\/2019\/07\/edison-flores3-32x21.jpg 32w\" sizes=\"(max-width: 1800px) 100vw, 1800px\" \/><\/p>\n","protected":false},"excerpt":{"rendered":"<p>Asegura que los jugadores siguen creyendo en la idea de juego del t\u00e9cnico Gareca Lima, 10 de Febrero 2021, (ANDINA).- El mediocampista Edison Flores asegur\u00f3 que los jugadores de la selecci\u00f3n peruana deben cambiar de actitud para poder dar vuelta al mal momento que viven en las eliminatorias al Mundial de Catar 2022, en el [&hellip;]<\/p>\n","protected":false},"author":1,"featured_media":67488,"comment_status":"closed","ping_status":"closed","sticky":false,"template":"","format":"standard","meta":{"rop_custom_images_group":[],"rop_custom_messages_group":[],"rop_publish_now":"initial","rop_publish_now_accounts":[],"rop_publish_now_history":[],"rop_publish_now_status":"pending","footnotes":""},"categories":[8],"tags":[82,92],"class_list":["post-92542","post","type-post","status-publish","format-standard","has-post-thumbnail","hentry","category-disciplinas-deportivas","tag-edison-flores","tag-ricardo-gareca"],"_links":{"self":[{"href":"https:\/\/elinformanteperu.com\/index.php\/wp-json\/wp\/v2\/posts\/92542","targetHints":{"allow":["GET"]}}],"collection":[{"href":"https:\/\/elinformanteperu.com\/index.php\/wp-json\/wp\/v2\/posts"}],"about":[{"href":"https:\/\/elinformanteperu.com\/index.php\/wp-json\/wp\/v2\/types\/post"}],"author":[{"embeddable":true,"href":"https:\/\/elinformanteperu.com\/index.php\/wp-json\/wp\/v2\/users\/1"}],"replies":[{"embeddable":true,"href":"https:\/\/elinformanteperu.com\/index.php\/wp-json\/wp\/v2\/comments?post=92542"}],"version-history":[{"count":1,"href":"https:\/\/elinformanteperu.com\/index.php\/wp-json\/wp\/v2\/posts\/92542\/revisions"}],"predecessor-version":[{"id":92543,"href":"https:\/\/elinformanteperu.com\/index.php\/wp-json\/wp\/v2\/posts\/92542\/revisions\/92543"}],"wp:featuredmedia":[{"embeddable":true,"href":"https:\/\/elinformanteperu.com\/index.php\/wp-json\/wp\/v2\/media\/67488"}],"wp:attachment":[{"href":"https:\/\/elinformanteperu.com\/index.php\/wp-json\/wp\/v2\/media?parent=92542"}],"wp:term":[{"taxonomy":"category","embeddable":true,"href":"https:\/\/elinformanteperu.com\/index.php\/wp-json\/wp\/v2\/categories?post=92542"},{"taxonomy":"post_tag","embeddable":true,"href":"https:\/\/elinformanteperu.com\/index.php\/wp-json\/wp\/v2\/tags?post=92542"}],"curies":[{"name":"wp","href":"https:\/\/api.w.org\/{rel}","templated":true}]}}