{"id":92536,"date":"2021-02-09T23:26:12","date_gmt":"2021-02-10T04:26:12","guid":{"rendered":"https:\/\/elinformanteperu.com\/?p=92536"},"modified":"2021-02-09T23:26:12","modified_gmt":"2021-02-10T04:26:12","slug":"elecciones-2021-jee-resuelve-no-excluir-a-daniel-salaverry","status":"publish","type":"post","link":"https:\/\/elinformanteperu.com\/index.php\/2021\/02\/09\/elecciones-2021-jee-resuelve-no-excluir-a-daniel-salaverry\/","title":{"rendered":"Elecciones 2021: JEE resuelve no excluir a Daniel Salaverry"},"content":{"rendered":"<p><span style=\"color: #000000;\"><strong>Lima, 09 de Febrero 2021, (ANDINA).-<\/strong> El Jurado Electoral Especial (JEE) Lima Centro 1 resolvi\u00f3 que no existe m\u00e9rito para excluir a Daniel Salaverry Villa, como candidato a la presidencia de la Rep\u00fablica por el Partido Democr\u00e1tico Somos Per\u00fa.<\/span><\/p>\n<p><span style=\"color: #000000;\">En la resoluci\u00f3n N\u00b0 0510 -2021-JEE-LIC1\/JNE se se\u00f1ala que el referido candidato tiene procesos pero no tiene sentencias firmes.<\/span><\/p>\n<p><span style=\"color: #000000;\">Se indica que de acuerdo a las normas electorales, Salaverry Villa no ha omitido informaci\u00f3n ni tampoco ha incurrido en falsedad al llenar su Declaraci\u00f3n Jurada de Hoja de Vida.<\/span><\/p>\n<p><span style=\"color: #000000;\">\u00abEn consecuencia, luego de la valoraci\u00f3n efectuada, este Colegiado considera que no se ha configurado omisi\u00f3n de la informaci\u00f3n (&#8230;) por lo que, no existe m\u00e9rito para disponer su exclusi\u00f3n. Por lo tanto, deber\u00e1 disponerse el archivo de los actuados\u00bb, establece el dispositivo del ente electoral.<\/span><\/p>\n<p><span style=\"color: #000000;\">Al final de la resoluci\u00f3n, se dispone notificar a la parte interesada a su casilla electr\u00f3nica.<\/span><\/p>\n","protected":false},"excerpt":{"rendered":"<p>Lima, 09 de Febrero 2021, (ANDINA).- El Jurado Electoral Especial (JEE) Lima Centro 1 resolvi\u00f3 que no existe m\u00e9rito para excluir a Daniel Salaverry Villa, como candidato a la presidencia de la Rep\u00fablica por el Partido Democr\u00e1tico Somos Per\u00fa. En la resoluci\u00f3n N\u00b0 0510 -2021-JEE-LIC1\/JNE se se\u00f1ala que el referido candidato tiene procesos pero no [&hellip;]<\/p>\n","protected":false},"author":1,"featured_media":92537,"comment_status":"closed","ping_status":"closed","sticky":false,"template":"","format":"standard","meta":{"rop_custom_images_group":[],"rop_custom_messages_group":[],"rop_publish_now":"initial","rop_publish_now_accounts":[],"rop_publish_now_history":[],"rop_publish_now_status":"pending","footnotes":""},"categories":[5],"tags":[858,5461,1536],"class_list":["post-92536","post","type-post","status-publish","format-standard","has-post-thumbnail","hentry","category-actualidad-informativa","tag-daniel-salaverry","tag-elecciones-2021","tag-somos-peru"],"_links":{"self":[{"href":"https:\/\/elinformanteperu.com\/index.php\/wp-json\/wp\/v2\/posts\/92536","targetHints":{"allow":["GET"]}}],"collection":[{"href":"https:\/\/elinformanteperu.com\/index.php\/wp-json\/wp\/v2\/posts"}],"about":[{"href":"https:\/\/elinformanteperu.com\/index.php\/wp-json\/wp\/v2\/types\/post"}],"author":[{"embeddable":true,"href":"https:\/\/elinformanteperu.com\/index.php\/wp-json\/wp\/v2\/users\/1"}],"replies":[{"embeddable":true,"href":"https:\/\/elinformanteperu.com\/index.php\/wp-json\/wp\/v2\/comments?post=92536"}],"version-history":[{"count":1,"href":"https:\/\/elinformanteperu.com\/index.php\/wp-json\/wp\/v2\/posts\/92536\/revisions"}],"predecessor-version":[{"id":92538,"href":"https:\/\/elinformanteperu.com\/index.php\/wp-json\/wp\/v2\/posts\/92536\/revisions\/92538"}],"wp:featuredmedia":[{"embeddable":true,"href":"https:\/\/elinformanteperu.com\/index.php\/wp-json\/wp\/v2\/media\/92537"}],"wp:attachment":[{"href":"https:\/\/elinformanteperu.com\/index.php\/wp-json\/wp\/v2\/media?parent=92536"}],"wp:term":[{"taxonomy":"category","embeddable":true,"href":"https:\/\/elinformanteperu.com\/index.php\/wp-json\/wp\/v2\/categories?post=92536"},{"taxonomy":"post_tag","embeddable":true,"href":"https:\/\/elinformanteperu.com\/index.php\/wp-json\/wp\/v2\/tags?post=92536"}],"curies":[{"name":"wp","href":"https:\/\/api.w.org\/{rel}","templated":true}]}}