{"id":92213,"date":"2021-02-05T21:00:08","date_gmt":"2021-02-06T02:00:08","guid":{"rendered":"https:\/\/elinformanteperu.com\/?p=92213"},"modified":"2021-02-05T21:00:08","modified_gmt":"2021-02-06T02:00:08","slug":"medicos-con-vocacion-60-profesionales-de-la-salud-viajan-a-junin-apurimac-y-pasco","status":"publish","type":"post","link":"https:\/\/elinformanteperu.com\/index.php\/2021\/02\/05\/medicos-con-vocacion-60-profesionales-de-la-salud-viajan-a-junin-apurimac-y-pasco\/","title":{"rendered":"M\u00e9dicos con vocaci\u00f3n: 60 profesionales de la salud viajan a Jun\u00edn, Apur\u00edmac y Pasco"},"content":{"rendered":"<p><strong><span style=\"color: #000000;\">Fortalecer\u00e1n atenci\u00f3n<\/span><\/strong><\/p>\n<p><span style=\"color: #000000;\"><strong>Lima, 05 de Febrero 2021, (ANDINA).-<\/strong> M\u00e9dicos, enfermeras, t\u00e9cnicos de enfermer\u00eda y tecn\u00f3logos son ejemplo de vocaci\u00f3n y coraje. Ellos dejaron a sus familias en Lima por servir al pa\u00eds y acudir a las regiones donde la segunda ola de la pandemia del coronavirus covid-19 causa m\u00e1s estragos.<\/span><\/p>\n<p><span style=\"color: #000000;\">En las \u00faltimas horas 60 profesionales de la salud que conforman el Hospital Per\u00fa de la Gerencia de Oferta Flexible del Seguro Social de Salud (EsSalud), viajaron a las regiones de Jun\u00edn, Apur\u00edmac y Pasco para reforzar la atenci\u00f3n a pacientes afectados por la pandemia del covid-19.<\/span><\/p>\n<p><span style=\"color: #000000;\">EsSalud record\u00f3 que Jun\u00edn y Pasco est\u00e1n a punto de superar sus picos de contagio de la primera ola, en los grupos etarios de j\u00f3venes, adultos y adultos mayores. Los especialistas se sumar\u00e1n a los equipos multidisciplinarios en las \u00e1reas de consulta externa, hospitalizaci\u00f3n, triaje, visitas domiciliarias y emergencia.<\/span><\/p>\n<p><span style=\"color: #000000;\">En este grupo humano, que deja todo con mucho coraje y vocaci\u00f3n de servicio, est\u00e1n los esposos Ch\u00e1vez Cueva. Ambos son m\u00e9dicos y este es su quinto viaje conformando la brigada del Hospital Per\u00fa. Esta vez tienen el mismo destino, Huancayo. Viajan dejando en casa y al cuidado de la abuela al amor de sus vidas: su hijita de 18 meses, pero saben que esta carrera es de servicio y en pandemia es cuando m\u00e1s se les necesita en la primera l\u00ednea de batalla.<\/span><\/p>\n<p><span style=\"color: #000000;\">Mar\u00eda Fernanda Cueva, m\u00e9dica general, recuerda los nombres de cada uno de sus pacientes y guarda en el coraz\u00f3n a aquellos que se fueron, muchos de ellos eran ancianos que no soportaron el paso del virus por sus cuerpos y eso la hace quebrarse de impotencia, pero refuerza su convicci\u00f3n de que debe seguir en la lucha contra este mal que nos aqueja.<\/span><\/p>\n<p><span style=\"color: #000000;\">Andr\u00e9s Ch\u00e1vez, su esposo, tambi\u00e9n m\u00e9dico, coincide con ella en hacer un llamado a la poblaci\u00f3n para que evite contagiarse y as\u00ed sobrecargar la ardua y dedicada labor de estos \u00e1ngeles que visten chaqueta blanca.<\/span><\/p>\n<p><span style=\"color: #000000;\">Por su parte, la licenciada en enfermer\u00eda, Elsa Miguel Vel\u00e1squez, se embarca en su octavo viaje. Tambi\u00e9n va a reforzar el trabajo en el Hospital Nacional Ramiro Prial\u00e9 Prial\u00e9 de Huancayo, entre los 25 profesionales que viajan a Jun\u00edn. Se va con la consigna de salvar vidas, pues siente en carne propia lo que es tener a un ser querido enfermo de covid 19: su madre, de 65 a\u00f1os, se contagi\u00f3 y da batalla al cuidado de sus otros cuatro hijos. Es ella quien le dijo a Elsa que emprenda el viaje de servicio.<\/span><\/p>\n<p><span style=\"color: #000000;\">Asimismo, 10 m\u00e9dicos, 10 enfermeros y 2 t\u00e9cnicos viajaron a la regi\u00f3n Apur\u00edmac en un vuelo comercial; en tanto 5 m\u00e9dicos, 5 enfermeros y 2 tecn\u00f3logos emprendieron viaje a Pasco.<\/span><\/p>\n<p><span style=\"color: #000000;\">Desde enero hasta la fecha se han desplazado nueve brigadas a Hu\u00e1nuco, Ayacucho, Iquitos, Piura, Ica, Jun\u00edn, Pasco y Abancay.<\/span><\/p>\n","protected":false},"excerpt":{"rendered":"<p>Fortalecer\u00e1n atenci\u00f3n Lima, 05 de Febrero 2021, (ANDINA).- M\u00e9dicos, enfermeras, t\u00e9cnicos de enfermer\u00eda y tecn\u00f3logos son ejemplo de vocaci\u00f3n y coraje. Ellos dejaron a sus familias en Lima por servir al pa\u00eds y acudir a las regiones donde la segunda ola de la pandemia del coronavirus covid-19 causa m\u00e1s estragos. En las \u00faltimas horas 60 [&hellip;]<\/p>\n","protected":false},"author":1,"featured_media":92214,"comment_status":"closed","ping_status":"closed","sticky":false,"template":"","format":"standard","meta":{"rop_custom_images_group":[],"rop_custom_messages_group":[],"rop_publish_now":"initial","rop_publish_now_accounts":[],"rop_publish_now_history":[],"rop_publish_now_status":"pending","footnotes":""},"categories":[10],"tags":[6322],"class_list":["post-92213","post","type-post","status-publish","format-standard","has-post-thumbnail","hentry","category-actualidad-municipal","tag-covid-segunda-ola"],"_links":{"self":[{"href":"https:\/\/elinformanteperu.com\/index.php\/wp-json\/wp\/v2\/posts\/92213","targetHints":{"allow":["GET"]}}],"collection":[{"href":"https:\/\/elinformanteperu.com\/index.php\/wp-json\/wp\/v2\/posts"}],"about":[{"href":"https:\/\/elinformanteperu.com\/index.php\/wp-json\/wp\/v2\/types\/post"}],"author":[{"embeddable":true,"href":"https:\/\/elinformanteperu.com\/index.php\/wp-json\/wp\/v2\/users\/1"}],"replies":[{"embeddable":true,"href":"https:\/\/elinformanteperu.com\/index.php\/wp-json\/wp\/v2\/comments?post=92213"}],"version-history":[{"count":1,"href":"https:\/\/elinformanteperu.com\/index.php\/wp-json\/wp\/v2\/posts\/92213\/revisions"}],"predecessor-version":[{"id":92215,"href":"https:\/\/elinformanteperu.com\/index.php\/wp-json\/wp\/v2\/posts\/92213\/revisions\/92215"}],"wp:featuredmedia":[{"embeddable":true,"href":"https:\/\/elinformanteperu.com\/index.php\/wp-json\/wp\/v2\/media\/92214"}],"wp:attachment":[{"href":"https:\/\/elinformanteperu.com\/index.php\/wp-json\/wp\/v2\/media?parent=92213"}],"wp:term":[{"taxonomy":"category","embeddable":true,"href":"https:\/\/elinformanteperu.com\/index.php\/wp-json\/wp\/v2\/categories?post=92213"},{"taxonomy":"post_tag","embeddable":true,"href":"https:\/\/elinformanteperu.com\/index.php\/wp-json\/wp\/v2\/tags?post=92213"}],"curies":[{"name":"wp","href":"https:\/\/api.w.org\/{rel}","templated":true}]}}