{"id":92211,"date":"2021-02-05T20:56:47","date_gmt":"2021-02-06T01:56:47","guid":{"rendered":"https:\/\/elinformanteperu.com\/?p=92211"},"modified":"2021-02-05T20:56:47","modified_gmt":"2021-02-06T01:56:47","slug":"cusco-autoridades-de-salud-confirman-cinco-casos-de-reinfeccion-por-covid-19","status":"publish","type":"post","link":"https:\/\/elinformanteperu.com\/index.php\/2021\/02\/05\/cusco-autoridades-de-salud-confirman-cinco-casos-de-reinfeccion-por-covid-19\/","title":{"rendered":"Cusco: autoridades de salud confirman cinco casos de reinfecci\u00f3n por covid-19"},"content":{"rendered":"<p><strong><span style=\"color: #000000;\">Geresa pide extremar medidas de bioseguridad para prevenir contagios<\/span><\/strong><\/p>\n<p><span style=\"color: #000000;\"><strong>Cusco, 05 de Febrero 2021, (ANDINA).-<\/strong> La Gerencia Regional de Salud (Geresa) de Cusco confirm\u00f3 que se han identificado cinco casos de reinfecci\u00f3n por coronavirus SARS-CoV-2 en ese departamento y ante esta situaci\u00f3n hizo un llamado a la poblaci\u00f3n para extremar las medidas de bioseguridad y prevenir contagios.<\/span><\/p>\n<p><span style=\"color: #000000;\">\u201cTodos somos susceptibles a reinfectarnos. Existen personas que se conf\u00edan y piensan que no volver\u00e1n a contraer la enfermedad; sin embargo, hay pacientes que se reinfectaron\u201d, afirm\u00f3 Javier Ram\u00edrez Escobar, director ejecutivo de Inteligencia Sanitaria de la Geresa.<\/span><\/p>\n<p><span style=\"color: #000000;\">De acuerdo a estad\u00edsticas, en lo que va del a\u00f1o 7,913 ya se han contagiado de covid-19, 3,064 son sintom\u00e1ticos; y solo en un d\u00eda se han contagiado 420 personas y 285 de ellas son activas, quiere decir que est\u00e1n en permanente contagio.<\/span><\/p>\n<p><span style=\"color: #000000;\">La Geresa Cusco inform\u00f3, adem\u00e1s, que se report\u00f3 la muerte de 15 personas en las \u00faltimas 24 horas, y en lo que va del 2021 ya son 224 los fallecidos; en tanto, 208 personas se encuentran hospitalizadas y de 32 camas en la unidad de cuidados intensivos (UCI), cuatro est\u00e1n disponibles.<\/span><\/p>\n<p><span style=\"color: #000000;\">Las estad\u00edsticas indican que entre las v\u00edctimas del covid-19 figura un menor de edad, dos personas de 20 a 29 a\u00f1os, 51 personas que tienen un rango de 30 a 59 a\u00f1os de edad; y 170 personas que tienen 60 a\u00f1os o m\u00e1s.<\/span><\/p>\n<p><span style=\"color: #000000;\">Ram\u00edrez sostuvo que la poblaci\u00f3n debe ser m\u00e1s responsable y cumplir con las medidas de bioseguridad, como el uso adecuado de la mascarilla, uso del protector facial, lavado constante de manos, mantener la distancia social de dos metros y evitar las aglomeraciones.<\/span><\/p>\n<p><span style=\"color: #000000;\">\u201cEl primer \u00f3rgano que afecta este virus es el pulm\u00f3n; por tanto, la poblaci\u00f3n debe tomar todas las medidas necesarias para no tener da\u00f1os ni dolores que podr\u00edamos lamentar\u201d, resalt\u00f3.<\/span><\/p>\n","protected":false},"excerpt":{"rendered":"<p>Geresa pide extremar medidas de bioseguridad para prevenir contagios Cusco, 05 de Febrero 2021, (ANDINA).- La Gerencia Regional de Salud (Geresa) de Cusco confirm\u00f3 que se han identificado cinco casos de reinfecci\u00f3n por coronavirus SARS-CoV-2 en ese departamento y ante esta situaci\u00f3n hizo un llamado a la poblaci\u00f3n para extremar las medidas de bioseguridad y [&hellip;]<\/p>\n","protected":false},"author":1,"featured_media":91922,"comment_status":"closed","ping_status":"closed","sticky":false,"template":"","format":"standard","meta":{"rop_custom_images_group":[],"rop_custom_messages_group":[],"rop_publish_now":"initial","rop_publish_now_accounts":[],"rop_publish_now_history":[],"rop_publish_now_status":"pending","footnotes":""},"categories":[10],"tags":[6322,1226,1670],"class_list":["post-92211","post","type-post","status-publish","format-standard","has-post-thumbnail","hentry","category-actualidad-municipal","tag-covid-segunda-ola","tag-cusco","tag-gobierno-regional-de-cusco"],"_links":{"self":[{"href":"https:\/\/elinformanteperu.com\/index.php\/wp-json\/wp\/v2\/posts\/92211","targetHints":{"allow":["GET"]}}],"collection":[{"href":"https:\/\/elinformanteperu.com\/index.php\/wp-json\/wp\/v2\/posts"}],"about":[{"href":"https:\/\/elinformanteperu.com\/index.php\/wp-json\/wp\/v2\/types\/post"}],"author":[{"embeddable":true,"href":"https:\/\/elinformanteperu.com\/index.php\/wp-json\/wp\/v2\/users\/1"}],"replies":[{"embeddable":true,"href":"https:\/\/elinformanteperu.com\/index.php\/wp-json\/wp\/v2\/comments?post=92211"}],"version-history":[{"count":1,"href":"https:\/\/elinformanteperu.com\/index.php\/wp-json\/wp\/v2\/posts\/92211\/revisions"}],"predecessor-version":[{"id":92212,"href":"https:\/\/elinformanteperu.com\/index.php\/wp-json\/wp\/v2\/posts\/92211\/revisions\/92212"}],"wp:featuredmedia":[{"embeddable":true,"href":"https:\/\/elinformanteperu.com\/index.php\/wp-json\/wp\/v2\/media\/91922"}],"wp:attachment":[{"href":"https:\/\/elinformanteperu.com\/index.php\/wp-json\/wp\/v2\/media?parent=92211"}],"wp:term":[{"taxonomy":"category","embeddable":true,"href":"https:\/\/elinformanteperu.com\/index.php\/wp-json\/wp\/v2\/categories?post=92211"},{"taxonomy":"post_tag","embeddable":true,"href":"https:\/\/elinformanteperu.com\/index.php\/wp-json\/wp\/v2\/tags?post=92211"}],"curies":[{"name":"wp","href":"https:\/\/api.w.org\/{rel}","templated":true}]}}