{"id":922,"date":"2016-11-14T00:03:52","date_gmt":"2016-11-14T05:03:52","guid":{"rendered":"http:\/\/elinformanteperu.com\/?p=922"},"modified":"2016-11-14T00:03:52","modified_gmt":"2016-11-14T05:03:52","slug":"rock-nacional-festival-arma-tu-lista-sale-a-la-venta","status":"publish","type":"post","link":"https:\/\/elinformanteperu.com\/index.php\/2016\/11\/14\/rock-nacional-festival-arma-tu-lista-sale-a-la-venta\/","title":{"rendered":"Rock Nacional: Festival \u00abArma tu Lista\u00bb sale a la venta"},"content":{"rendered":"<p style=\"text-align: justify;\"><strong>En este novedoso formato, compartir\u00e1n escenario Mar de Copas, La Liga del Sue\u00f1o y Rio, y los asistentes podr\u00e1n escoger las canciones<\/strong><\/p>\n<p style=\"text-align: justify;\"><strong>Lima, 13 Noviembre 2016, (El Informante Per\u00fa).-<\/strong> Mar de Copas, La Liga del Sue\u00f1o y Rio, unas de las bandas m\u00e1s representativas del rock nacional, se unir\u00e1n el 7 de Diciembre en la discoteca Ophera para hacer un inolvidable festival llamado \u00abArma tu Lista\u00bb, donde los asistentes podr\u00e1n armar la lista de canciones que ellos tocar\u00e1n.<\/p>\n<p>La mec\u00e1nica de la votaci\u00f3n se activar\u00e1 en los pr\u00f3ximos d\u00edas donde los asistentes con sus c\u00f3digos podr\u00e1n entrar a un formulario con todas las canciones de sus bandas favoritas, desde las m\u00e1s conocidas hasta las m\u00e1s \u00abcaletas\u00bb, siendo una oportunidad dorada para todos los seguidores que siempre se quedan con ganas de escuchar un tema en especial.<\/p>\n<p>Las entradas a la venta para el festival \u00abArma Tu Lista\u00bb ya es encuentran a la venta en todos los m\u00f3dulos de Tu Entrada de Plaza Vea y Vivanda y contar\u00e1n con un 20% de descuento hasta el 4 de noviembre o hasta agotar Stock.<\/p>\n<p><strong>Para tomar en cuenta:<\/strong><\/p>\n<p style=\"text-align: justify;\"><strong>Arma Tu lista (Mar de Copas, La Liga del Sue\u00f1o, Rio)<\/strong><\/p>\n<p style=\"text-align: justify;\"><strong>Fecha:<\/strong> 7 de Diciembre<br \/>\n<strong>Lugar:<\/strong> Ophera Disco de Plaza Norte.<br \/>\n<strong>Entradas a la venta: <\/strong>En Tu Entrada de Plaza Vea y Vivanda<br \/>\nDescuento de 20% hasta el 4 de noviembre o hasta agotar Stock<\/p>\n","protected":false},"excerpt":{"rendered":"<p>En este novedoso formato, compartir\u00e1n escenario Mar de Copas, La Liga del Sue\u00f1o y Rio, y los asistentes podr\u00e1n escoger las canciones Lima, 13 Noviembre 2016, (El Informante Per\u00fa).- Mar de Copas, La Liga del Sue\u00f1o y Rio, unas de las bandas m\u00e1s representativas del rock nacional, se unir\u00e1n el 7 de Diciembre en la [&hellip;]<\/p>\n","protected":false},"author":1,"featured_media":923,"comment_status":"open","ping_status":"open","sticky":false,"template":"","format":"standard","meta":{"rop_custom_images_group":[],"rop_custom_messages_group":[],"rop_publish_now":"initial","rop_publish_now_accounts":[],"rop_publish_now_history":[],"rop_publish_now_status":"pending","footnotes":""},"categories":[70],"tags":[],"class_list":["post-922","post","type-post","status-publish","format-standard","has-post-thumbnail","hentry","category-farandula"],"_links":{"self":[{"href":"https:\/\/elinformanteperu.com\/index.php\/wp-json\/wp\/v2\/posts\/922","targetHints":{"allow":["GET"]}}],"collection":[{"href":"https:\/\/elinformanteperu.com\/index.php\/wp-json\/wp\/v2\/posts"}],"about":[{"href":"https:\/\/elinformanteperu.com\/index.php\/wp-json\/wp\/v2\/types\/post"}],"author":[{"embeddable":true,"href":"https:\/\/elinformanteperu.com\/index.php\/wp-json\/wp\/v2\/users\/1"}],"replies":[{"embeddable":true,"href":"https:\/\/elinformanteperu.com\/index.php\/wp-json\/wp\/v2\/comments?post=922"}],"version-history":[{"count":1,"href":"https:\/\/elinformanteperu.com\/index.php\/wp-json\/wp\/v2\/posts\/922\/revisions"}],"predecessor-version":[{"id":924,"href":"https:\/\/elinformanteperu.com\/index.php\/wp-json\/wp\/v2\/posts\/922\/revisions\/924"}],"wp:featuredmedia":[{"embeddable":true,"href":"https:\/\/elinformanteperu.com\/index.php\/wp-json\/wp\/v2\/media\/923"}],"wp:attachment":[{"href":"https:\/\/elinformanteperu.com\/index.php\/wp-json\/wp\/v2\/media?parent=922"}],"wp:term":[{"taxonomy":"category","embeddable":true,"href":"https:\/\/elinformanteperu.com\/index.php\/wp-json\/wp\/v2\/categories?post=922"},{"taxonomy":"post_tag","embeddable":true,"href":"https:\/\/elinformanteperu.com\/index.php\/wp-json\/wp\/v2\/tags?post=922"}],"curies":[{"name":"wp","href":"https:\/\/api.w.org\/{rel}","templated":true}]}}