{"id":92025,"date":"2021-02-03T00:10:40","date_gmt":"2021-02-03T05:10:40","guid":{"rendered":"https:\/\/elinformanteperu.com\/?p=92025"},"modified":"2021-02-03T00:10:40","modified_gmt":"2021-02-03T05:10:40","slug":"elecciones-2021-forsyth-plantea-creacion-de-ministerio-de-planificacion","status":"publish","type":"post","link":"https:\/\/elinformanteperu.com\/index.php\/2021\/02\/03\/elecciones-2021-forsyth-plantea-creacion-de-ministerio-de-planificacion\/","title":{"rendered":"Elecciones 2021: Forsyth plantea creaci\u00f3n de Ministerio de Planificaci\u00f3n"},"content":{"rendered":"<p><span style=\"color: #000000;\"><strong>Lima, 02 de Febrero 2021, (ANDINA).-<\/strong> El candidato presidencial de Victoria Nacional, George Forsyth, anunci\u00f3 desde Tacna, que en un eventual gobierno suyo crear\u00eda el Ministerio de Planificaci\u00f3n.<\/span><\/p>\n<p><span style=\"color: #000000;\">\u00abCrearemos el Ministerio de Planificaci\u00f3n, porque nuestro pa\u00eds no puede seguir creciendo en un desorden total. El Per\u00fa es cuna de emprendedores. Los congresistas y quienes nos han gobernado est\u00e1n durmiendo encima de esta banca de oro que somos todos los peruanos\u00bb, manifest\u00f3.<\/span><\/p>\n<p><span style=\"color: #000000;\">En tal sentido, el candidato refiri\u00f3 que el Centro Nacional de Planeamiento Estrat\u00e9gico (Ceplan) est\u00e1 totalmente olvidado.<\/span><\/p>\n<p><span style=\"color: #000000;\">\u00abPor eso la gente invade los cerros, porque el Estado no los gu\u00eda hacia donde tienen que crecer las ciudades\u00bb, expres\u00f3 durante su gira proselitista en el sur del pa\u00eds.<\/span><\/p>\n<p><span style=\"color: #000000;\">Tambi\u00e9n se refiri\u00f3 al problema del agua que afecta a muchos peruanos, especialmente a los que viven en zonas alejadas y a los agricultores.<\/span><\/p>\n<p><span style=\"color: #000000;\">\u00abEl problema del agua es uno de los m\u00e1s graves del Per\u00fa. Se debe declarar en emergencia este elemento que es vital para todos los peruanos y es un derecho fundamental\u00bb, indic\u00f3.<\/span><\/p>\n<p><span style=\"color: #000000;\">Como parte de su campa\u00f1a electoral, el candidato presidencial lleg\u00f3 hasta el complejo fronterizo Santa Rosa donde estuvo acompa\u00f1ado de sus candidatos al Congreso por esa regi\u00f3n y pudo conocer las propuestas de la poblaci\u00f3n.<\/span><\/p>\n","protected":false},"excerpt":{"rendered":"<p>Lima, 02 de Febrero 2021, (ANDINA).- El candidato presidencial de Victoria Nacional, George Forsyth, anunci\u00f3 desde Tacna, que en un eventual gobierno suyo crear\u00eda el Ministerio de Planificaci\u00f3n. \u00abCrearemos el Ministerio de Planificaci\u00f3n, porque nuestro pa\u00eds no puede seguir creciendo en un desorden total. El Per\u00fa es cuna de emprendedores. Los congresistas y quienes nos [&hellip;]<\/p>\n","protected":false},"author":1,"featured_media":92026,"comment_status":"closed","ping_status":"closed","sticky":false,"template":"","format":"standard","meta":{"rop_custom_images_group":[],"rop_custom_messages_group":[],"rop_publish_now":"initial","rop_publish_now_accounts":[],"rop_publish_now_history":[],"rop_publish_now_status":"pending","footnotes":""},"categories":[5],"tags":[5461,4079,6287],"class_list":["post-92025","post","type-post","status-publish","format-standard","has-post-thumbnail","hentry","category-actualidad-informativa","tag-elecciones-2021","tag-george-forsyth","tag-victoria-nacional"],"_links":{"self":[{"href":"https:\/\/elinformanteperu.com\/index.php\/wp-json\/wp\/v2\/posts\/92025","targetHints":{"allow":["GET"]}}],"collection":[{"href":"https:\/\/elinformanteperu.com\/index.php\/wp-json\/wp\/v2\/posts"}],"about":[{"href":"https:\/\/elinformanteperu.com\/index.php\/wp-json\/wp\/v2\/types\/post"}],"author":[{"embeddable":true,"href":"https:\/\/elinformanteperu.com\/index.php\/wp-json\/wp\/v2\/users\/1"}],"replies":[{"embeddable":true,"href":"https:\/\/elinformanteperu.com\/index.php\/wp-json\/wp\/v2\/comments?post=92025"}],"version-history":[{"count":1,"href":"https:\/\/elinformanteperu.com\/index.php\/wp-json\/wp\/v2\/posts\/92025\/revisions"}],"predecessor-version":[{"id":92027,"href":"https:\/\/elinformanteperu.com\/index.php\/wp-json\/wp\/v2\/posts\/92025\/revisions\/92027"}],"wp:featuredmedia":[{"embeddable":true,"href":"https:\/\/elinformanteperu.com\/index.php\/wp-json\/wp\/v2\/media\/92026"}],"wp:attachment":[{"href":"https:\/\/elinformanteperu.com\/index.php\/wp-json\/wp\/v2\/media?parent=92025"}],"wp:term":[{"taxonomy":"category","embeddable":true,"href":"https:\/\/elinformanteperu.com\/index.php\/wp-json\/wp\/v2\/categories?post=92025"},{"taxonomy":"post_tag","embeddable":true,"href":"https:\/\/elinformanteperu.com\/index.php\/wp-json\/wp\/v2\/tags?post=92025"}],"curies":[{"name":"wp","href":"https:\/\/api.w.org\/{rel}","templated":true}]}}