{"id":92021,"date":"2021-02-03T00:05:08","date_gmt":"2021-02-03T05:05:08","guid":{"rendered":"https:\/\/elinformanteperu.com\/?p=92021"},"modified":"2021-02-03T00:05:08","modified_gmt":"2021-02-03T05:05:08","slug":"elecciones-2021-flor-pablo-no-sera-excluida-como-candidata-al-congreso","status":"publish","type":"post","link":"https:\/\/elinformanteperu.com\/index.php\/2021\/02\/03\/elecciones-2021-flor-pablo-no-sera-excluida-como-candidata-al-congreso\/","title":{"rendered":"Elecciones 2021: Flor Pablo no ser\u00e1 excluida como candidata al Congreso"},"content":{"rendered":"<p><strong><span style=\"color: #000000;\">Por el Partido Morado en las pr\u00f3ximas elecciones.<\/span><\/strong><\/p>\n<p><span style=\"color: #000000;\"><strong>Lima, 02 de Febrero 2021, (ANDINA).-<\/strong> El Jurado Electoral Especial(JEE) Lima Centro 2, resolvi\u00f3 que no existe m\u00e9rito para iniciar un proceso de exclusi\u00f3n a Flor Pablo Medina como candidata al Congreso con el n\u00famero 3 del Partido Morado.<\/span><\/p>\n<p><span style=\"color: #000000;\">La Resoluci\u00f3n N\u00ba 00472-2021 JEE LIC 2\/JNE se\u00f1ala que Pablo Medina no incurri\u00f3 en omisi\u00f3n de informaci\u00f3n por tanto considera que no se puede atribuir la comisi\u00f3n de un falta y tampoco aplicarle sanci\u00f3n.<\/span><\/p>\n<p><span style=\"color: #000000;\">Se precisa que la candidata del Partido Morado si inform\u00f3 que form\u00f3 parte del Comit\u00e9 de Administraci\u00f3n del Cafae de la Direcci\u00f3n Regional de Educaci\u00f3n de Lima y del Comit\u00e9 de Administraci\u00f3n del Fondo de Asistencia de los Trabajadores del Sector Educaci\u00f3n, instituciones sin fines de lucro.<\/span><\/p>\n<p><span style=\"color: #000000;\">En tal sentido el JEE Lima Centro 2 considera que no corresponde excluir a la candidata N\u00b0 03 \u2013 Flor Aide\u00e9 Pablo Medina, toda vez que la informaci\u00f3n en cuestionamiento, corresponde a comit\u00e9s sin fines de lucro; en consecuencia, no hay m\u00e9rito para el inicio de procedimiento de exclusi\u00f3n.<\/span><\/p>\n","protected":false},"excerpt":{"rendered":"<p>Por el Partido Morado en las pr\u00f3ximas elecciones. Lima, 02 de Febrero 2021, (ANDINA).- El Jurado Electoral Especial(JEE) Lima Centro 2, resolvi\u00f3 que no existe m\u00e9rito para iniciar un proceso de exclusi\u00f3n a Flor Pablo Medina como candidata al Congreso con el n\u00famero 3 del Partido Morado. La Resoluci\u00f3n N\u00ba 00472-2021 JEE LIC 2\/JNE se\u00f1ala [&hellip;]<\/p>\n","protected":false},"author":1,"featured_media":87213,"comment_status":"closed","ping_status":"closed","sticky":false,"template":"","format":"standard","meta":{"rop_custom_images_group":[],"rop_custom_messages_group":[],"rop_publish_now":"initial","rop_publish_now_accounts":[],"rop_publish_now_history":[],"rop_publish_now_status":"pending","footnotes":""},"categories":[5],"tags":[5461,4368,4256],"class_list":["post-92021","post","type-post","status-publish","format-standard","has-post-thumbnail","hentry","category-actualidad-informativa","tag-elecciones-2021","tag-flor-pablo-medina","tag-partido-morado"],"_links":{"self":[{"href":"https:\/\/elinformanteperu.com\/index.php\/wp-json\/wp\/v2\/posts\/92021","targetHints":{"allow":["GET"]}}],"collection":[{"href":"https:\/\/elinformanteperu.com\/index.php\/wp-json\/wp\/v2\/posts"}],"about":[{"href":"https:\/\/elinformanteperu.com\/index.php\/wp-json\/wp\/v2\/types\/post"}],"author":[{"embeddable":true,"href":"https:\/\/elinformanteperu.com\/index.php\/wp-json\/wp\/v2\/users\/1"}],"replies":[{"embeddable":true,"href":"https:\/\/elinformanteperu.com\/index.php\/wp-json\/wp\/v2\/comments?post=92021"}],"version-history":[{"count":1,"href":"https:\/\/elinformanteperu.com\/index.php\/wp-json\/wp\/v2\/posts\/92021\/revisions"}],"predecessor-version":[{"id":92022,"href":"https:\/\/elinformanteperu.com\/index.php\/wp-json\/wp\/v2\/posts\/92021\/revisions\/92022"}],"wp:featuredmedia":[{"embeddable":true,"href":"https:\/\/elinformanteperu.com\/index.php\/wp-json\/wp\/v2\/media\/87213"}],"wp:attachment":[{"href":"https:\/\/elinformanteperu.com\/index.php\/wp-json\/wp\/v2\/media?parent=92021"}],"wp:term":[{"taxonomy":"category","embeddable":true,"href":"https:\/\/elinformanteperu.com\/index.php\/wp-json\/wp\/v2\/categories?post=92021"},{"taxonomy":"post_tag","embeddable":true,"href":"https:\/\/elinformanteperu.com\/index.php\/wp-json\/wp\/v2\/tags?post=92021"}],"curies":[{"name":"wp","href":"https:\/\/api.w.org\/{rel}","templated":true}]}}