{"id":919,"date":"2016-11-13T23:54:56","date_gmt":"2016-11-14T04:54:56","guid":{"rendered":"http:\/\/elinformanteperu.com\/?p=919"},"modified":"2016-11-13T23:54:56","modified_gmt":"2016-11-14T04:54:56","slug":"orquesta-sinfonica-nacional-cierra-temporada-con-afamado-chelista-peruano","status":"publish","type":"post","link":"https:\/\/elinformanteperu.com\/index.php\/2016\/11\/13\/orquesta-sinfonica-nacional-cierra-temporada-con-afamado-chelista-peruano\/","title":{"rendered":"Orquesta Sinf\u00f3nica Nacional cierra temporada con afamado chelista peruano"},"content":{"rendered":"<p style=\"text-align: justify;\"><strong>Lima, 13 Noviembre 2016, (El Informante Per\u00fa).-<\/strong> Aclamado como \u201cun chelista excepcional\u201d (Dallas Morning News), \u201cun artista de primera categor\u00eda\u201d (Fort Worth Star Telegram), y elogiado por su \u201csonido c\u00e1lido y rico, con gran de variedad de inflexiones y matices\u201d (New York Concert Review), el violonchelista peruano Jes\u00fas Castro-Balbi ser\u00e1 la estrella del \u00faltimo concierto de temporada que ofrecer\u00e1 la Orquesta Sinf\u00f3nica Nacional este a\u00f1o, como cierre de la Temporada Internacional de Primavera 2016. La cita es el viernes 25 de noviembre a las 8:00 p.m. en el Gran Teatro Nacional<\/p>\n<p>El elenco oficial del Ministerio de Cultura interpretar\u00e1 junto a Castro-Balbi, y bajo la batuta del maestro Fernando Valc\u00e1rcel, una de las obras m\u00e1s arraigadas del repertorio acad\u00e9mico del siglo XX, el Concierto para Violonchelo del compositor ingl\u00e9s Edwar Elgar, popularizado en la d\u00e9cada de 1960 gracias a las apasionadas interpretaciones de la chelista Jacqueline du Pr\u00e9. Completar\u00e1 la primera parte del concierto otra importante obra del repertorio orquestal brit\u00e1nico, la Fantas\u00eda sobre Greensleves de Ralph Vaughan Williams.<\/p>\n<p>La segunda parte girar\u00e1 en torno a la figura del compositor pune\u00f1o Theodoro Valc\u00e1rcel. De este miembro prominente de la escuela indigenista peruana de inicios del siglo XX ser\u00e1 interpretada, en calidad de estreno absoluto, Los encantadores monta\u00f1eses, una de las piezas que componen el ambicioso ciclo de Estampas del ballet Suray Surita, y una obra pionera en la mezcla de timbres del piano con instrumentos nativos peruanos como el pututo, el wankar y el tocoro.<\/p>\n<p>Al estreno de esta obra se sumar\u00e1 la ejecuci\u00f3n de tres piezas representativas de la producci\u00f3n de quienes tuvieron mayor influencia en Valc\u00e1rcel: la Petite suite del compositor franc\u00e9s Claude Debussy (en una orquestaci\u00f3n de Paul-Henri B\u00fcsser) y, del espa\u00f1ol Manuel de Falla, la Danza espa\u00f1ola N\u00b0 1 de La vida breve, y la Suite N\u00b0 2 de El sombrero de tres picos.<\/p>\n<p>La venta de entradas se realiza en Teleticket de Wong y Metro y en la boleter\u00eda del Gran Teatro Nacional, de martes a s\u00e1bado de 2:00 p.m. a 9:00 p.m. Para estas presentaciones, ni\u00f1os hasta 12 a\u00f1os, estudiantes de universidades\/institutos, mayores de 60 a\u00f1os, jubilados, afiliados al CONADIS y Servicio Militar Voluntario tienen un 50% de descuento sobre el valor de la entrada. La edad m\u00ednima de ingreso es 5 a\u00f1os.<\/p>\n","protected":false},"excerpt":{"rendered":"<p>Lima, 13 Noviembre 2016, (El Informante Per\u00fa).- Aclamado como \u201cun chelista excepcional\u201d (Dallas Morning News), \u201cun artista de primera categor\u00eda\u201d (Fort Worth Star Telegram), y elogiado por su \u201csonido c\u00e1lido y rico, con gran de variedad de inflexiones y matices\u201d (New York Concert Review), el violonchelista peruano Jes\u00fas Castro-Balbi ser\u00e1 la estrella del \u00faltimo concierto [&hellip;]<\/p>\n","protected":false},"author":1,"featured_media":920,"comment_status":"open","ping_status":"open","sticky":false,"template":"","format":"standard","meta":{"rop_custom_images_group":[],"rop_custom_messages_group":[],"rop_publish_now":"initial","rop_publish_now_accounts":[],"rop_publish_now_history":[],"rop_publish_now_status":"pending","footnotes":""},"categories":[70],"tags":[],"class_list":["post-919","post","type-post","status-publish","format-standard","has-post-thumbnail","hentry","category-farandula"],"_links":{"self":[{"href":"https:\/\/elinformanteperu.com\/index.php\/wp-json\/wp\/v2\/posts\/919","targetHints":{"allow":["GET"]}}],"collection":[{"href":"https:\/\/elinformanteperu.com\/index.php\/wp-json\/wp\/v2\/posts"}],"about":[{"href":"https:\/\/elinformanteperu.com\/index.php\/wp-json\/wp\/v2\/types\/post"}],"author":[{"embeddable":true,"href":"https:\/\/elinformanteperu.com\/index.php\/wp-json\/wp\/v2\/users\/1"}],"replies":[{"embeddable":true,"href":"https:\/\/elinformanteperu.com\/index.php\/wp-json\/wp\/v2\/comments?post=919"}],"version-history":[{"count":1,"href":"https:\/\/elinformanteperu.com\/index.php\/wp-json\/wp\/v2\/posts\/919\/revisions"}],"predecessor-version":[{"id":921,"href":"https:\/\/elinformanteperu.com\/index.php\/wp-json\/wp\/v2\/posts\/919\/revisions\/921"}],"wp:featuredmedia":[{"embeddable":true,"href":"https:\/\/elinformanteperu.com\/index.php\/wp-json\/wp\/v2\/media\/920"}],"wp:attachment":[{"href":"https:\/\/elinformanteperu.com\/index.php\/wp-json\/wp\/v2\/media?parent=919"}],"wp:term":[{"taxonomy":"category","embeddable":true,"href":"https:\/\/elinformanteperu.com\/index.php\/wp-json\/wp\/v2\/categories?post=919"},{"taxonomy":"post_tag","embeddable":true,"href":"https:\/\/elinformanteperu.com\/index.php\/wp-json\/wp\/v2\/tags?post=919"}],"curies":[{"name":"wp","href":"https:\/\/api.w.org\/{rel}","templated":true}]}}