{"id":91829,"date":"2021-01-31T12:28:04","date_gmt":"2021-01-31T17:28:04","guid":{"rendered":"https:\/\/elinformanteperu.com\/?p=91829"},"modified":"2021-01-31T12:28:04","modified_gmt":"2021-01-31T17:28:04","slug":"lima-y-callao-conoce-el-nuevo-horario-de-todos-los-servicios-de-transporte-publico","status":"publish","type":"post","link":"https:\/\/elinformanteperu.com\/index.php\/2021\/01\/31\/lima-y-callao-conoce-el-nuevo-horario-de-todos-los-servicios-de-transporte-publico\/","title":{"rendered":"Lima y Callao: conoce el nuevo horario de todos los servicios de transporte p\u00fablico"},"content":{"rendered":"<p><strong><span style=\"color: #000000;\">Durante cuarentena desde hoy hasta el 14 de febrero<\/span><\/strong><\/p>\n<p><span style=\"color: #000000;\"><strong>Lima, 31 Enero 2021, (ANDINA).-<\/strong> De acuerdo a las nuevas medidas dispuestas por el Gobierno Central, que rigen del 31 de enero al 14 de febrero, a fin de contener el avance del covid-19, la ATU informa a la ciudadan\u00eda que el horario del transporte p\u00fablico en Lima y Callao es el siguiente:<\/span><\/p>\n<p><span style=\"color: #000000;\">-El transporte regular en Lima y Callao se brindar\u00e1 de lunes a domingo de 5 a. m. a 8 p. m.<\/span><\/p>\n<p><span style=\"color: #000000;\">-El servicio de taxi y transporte de trabajadores podr\u00e1 ser brindado durante las 24 horas del d\u00eda, pero solo por aquellas unidades autorizadas por la ATU.<\/span><\/p>\n<p><span style=\"color: #000000;\">-La L\u00ednea 1 del Metro de Lima y Callao funcionar\u00e1 de lunes a domingo de 5 a. m a 9 p. m.<\/span><\/p>\n<p><span style=\"color: #000000;\">-Los servicios de los Corredores Complementarios atender\u00e1n de lunes a domingo de 5 a. m. a 9 p. m.<\/span><\/p>\n<p><span style=\"color: #000000;\">-El Metropolitano brindar\u00e1 el servicio de lunes a domingo desde las 5 a. m. hasta las 9 p. m.<\/span><\/p>\n<p><span style=\"color: #000000;\">La ATU resalt\u00f3 que dichos horarios tienen en cuenta el desplazamiento de las personas que realizan actividades no restringidas, sobre todo, de aquellos trabajadores que prestan servicio en las actividades esenciales (personal m\u00e9dico, enfermeras, Polic\u00eda Nacional del Per\u00fa, Fuerzas Armadas, entre otros) y requieren movilizarse de forma segura.<\/span><\/p>\n<p><span style=\"color: #000000;\">Para ello, los pasajeros deber\u00e1n contar con su pase por trabajo en actividad autorizada y\/o esencial durante su viaje.<\/span><\/p>\n<p><span style=\"color: #000000;\">En caso de viajes hacia el aeropuerto se deber\u00e1 tener a la mano el respectivo pasaje a\u00e9reo.<\/span><\/p>\n<p><span style=\"color: #000000;\">Finalmente, la ATU exhorta a la ciudadan\u00eda a no bajar la guardia contra el covid-19 y cumplir rigurosamente el confinamiento, as\u00ed como utilizar de forma obligatoria la mascarilla y el protector facial para prevenir el contagio del coronavirus en el transporte p\u00fablico.<\/span><\/p>\n","protected":false},"excerpt":{"rendered":"<p>Durante cuarentena desde hoy hasta el 14 de febrero Lima, 31 Enero 2021, (ANDINA).- De acuerdo a las nuevas medidas dispuestas por el Gobierno Central, que rigen del 31 de enero al 14 de febrero, a fin de contener el avance del covid-19, la ATU informa a la ciudadan\u00eda que el horario del transporte p\u00fablico [&hellip;]<\/p>\n","protected":false},"author":1,"featured_media":91830,"comment_status":"open","ping_status":"open","sticky":false,"template":"","format":"standard","meta":{"rop_custom_images_group":[],"rop_custom_messages_group":[],"rop_publish_now":"initial","rop_publish_now_accounts":[],"rop_publish_now_history":[],"rop_publish_now_status":"pending","footnotes":""},"categories":[10],"tags":[5422,4559,6322],"class_list":["post-91829","post","type-post","status-publish","format-standard","has-post-thumbnail","hentry","category-actualidad-municipal","tag-atu","tag-autoridad-de-transporte-urbano","tag-covid-segunda-ola"],"_links":{"self":[{"href":"https:\/\/elinformanteperu.com\/index.php\/wp-json\/wp\/v2\/posts\/91829","targetHints":{"allow":["GET"]}}],"collection":[{"href":"https:\/\/elinformanteperu.com\/index.php\/wp-json\/wp\/v2\/posts"}],"about":[{"href":"https:\/\/elinformanteperu.com\/index.php\/wp-json\/wp\/v2\/types\/post"}],"author":[{"embeddable":true,"href":"https:\/\/elinformanteperu.com\/index.php\/wp-json\/wp\/v2\/users\/1"}],"replies":[{"embeddable":true,"href":"https:\/\/elinformanteperu.com\/index.php\/wp-json\/wp\/v2\/comments?post=91829"}],"version-history":[{"count":1,"href":"https:\/\/elinformanteperu.com\/index.php\/wp-json\/wp\/v2\/posts\/91829\/revisions"}],"predecessor-version":[{"id":91831,"href":"https:\/\/elinformanteperu.com\/index.php\/wp-json\/wp\/v2\/posts\/91829\/revisions\/91831"}],"wp:featuredmedia":[{"embeddable":true,"href":"https:\/\/elinformanteperu.com\/index.php\/wp-json\/wp\/v2\/media\/91830"}],"wp:attachment":[{"href":"https:\/\/elinformanteperu.com\/index.php\/wp-json\/wp\/v2\/media?parent=91829"}],"wp:term":[{"taxonomy":"category","embeddable":true,"href":"https:\/\/elinformanteperu.com\/index.php\/wp-json\/wp\/v2\/categories?post=91829"},{"taxonomy":"post_tag","embeddable":true,"href":"https:\/\/elinformanteperu.com\/index.php\/wp-json\/wp\/v2\/tags?post=91829"}],"curies":[{"name":"wp","href":"https:\/\/api.w.org\/{rel}","templated":true}]}}