{"id":91599,"date":"2021-01-28T20:21:22","date_gmt":"2021-01-29T01:21:22","guid":{"rendered":"https:\/\/elinformanteperu.com\/?p=91599"},"modified":"2021-01-28T20:21:22","modified_gmt":"2021-01-29T01:21:22","slug":"festival-de-cannes-retrasa-su-edicion-a-julio-por-la-pandemia","status":"publish","type":"post","link":"https:\/\/elinformanteperu.com\/index.php\/2021\/01\/28\/festival-de-cannes-retrasa-su-edicion-a-julio-por-la-pandemia\/","title":{"rendered":"Festival de Cannes retrasa su edici\u00f3n a julio por la pandemia"},"content":{"rendered":"<p><span style=\"color: #000000;\"><strong>Lima, 29 Enero 2021, (ANDINA).-<\/strong> El Festival de Cannes anunci\u00f3 este mi\u00e9rcoles que su 74 edici\u00f3n, prevista inicialmente entre los pr\u00f3ximos 11 y 22 de mayo, se celebrar\u00e1 en julio debido a la pandemia.<\/span><\/p>\n<p><span style=\"color: #000000;\">El certamen se dio el pasado oto\u00f1o la posibilidad de modificar sus fechas en funci\u00f3n de la evoluci\u00f3n de la situaci\u00f3n sanitaria y ha decidido que su celebraci\u00f3n tenga lugar ahora entre el 6 y el 17 de julio.<\/span><\/p>\n<p><span style=\"color: #000000;\">El a\u00f1o pasado tuvo que anular su edici\u00f3n presencial debido a las restricciones impuestas por la situaci\u00f3n sanitaria y cre\u00f3 en su lugar un sello que ha acompa\u00f1ado a las pel\u00edculas seleccionadas en sus estrenos en las salas o en otros festivales.<\/span><\/p>\n<p><img fetchpriority=\"high\" decoding=\"async\" class=\"aligncenter size-full wp-image-71127\" src=\"https:\/\/elinformanteperu.com\/wp-content\/uploads\/2020\/05\/Cannes-alfombra-roja.jpg\" alt=\"\" width=\"1800\" height=\"1200\" srcset=\"https:\/\/elinformanteperu.com\/wp-content\/uploads\/2020\/05\/Cannes-alfombra-roja.jpg 1800w, https:\/\/elinformanteperu.com\/wp-content\/uploads\/2020\/05\/Cannes-alfombra-roja-300x200.jpg 300w, https:\/\/elinformanteperu.com\/wp-content\/uploads\/2020\/05\/Cannes-alfombra-roja-1024x683.jpg 1024w, https:\/\/elinformanteperu.com\/wp-content\/uploads\/2020\/05\/Cannes-alfombra-roja-768x512.jpg 768w, https:\/\/elinformanteperu.com\/wp-content\/uploads\/2020\/05\/Cannes-alfombra-roja-1536x1024.jpg 1536w\" sizes=\"(max-width: 1800px) 100vw, 1800px\" \/><\/p>\n","protected":false},"excerpt":{"rendered":"<p>Lima, 29 Enero 2021, (ANDINA).- El Festival de Cannes anunci\u00f3 este mi\u00e9rcoles que su 74 edici\u00f3n, prevista inicialmente entre los pr\u00f3ximos 11 y 22 de mayo, se celebrar\u00e1 en julio debido a la pandemia. El certamen se dio el pasado oto\u00f1o la posibilidad de modificar sus fechas en funci\u00f3n de la evoluci\u00f3n de la situaci\u00f3n [&hellip;]<\/p>\n","protected":false},"author":1,"featured_media":91600,"comment_status":"open","ping_status":"open","sticky":false,"template":"","format":"standard","meta":{"rop_custom_images_group":[],"rop_custom_messages_group":[],"rop_publish_now":"initial","rop_publish_now_accounts":[],"rop_publish_now_history":[],"rop_publish_now_status":"pending","footnotes":""},"categories":[7],"tags":[5631,6349],"class_list":["post-91599","post","type-post","status-publish","format-standard","has-post-thumbnail","hentry","category-butaca","tag-cannes-2020","tag-cannes-2021"],"_links":{"self":[{"href":"https:\/\/elinformanteperu.com\/index.php\/wp-json\/wp\/v2\/posts\/91599","targetHints":{"allow":["GET"]}}],"collection":[{"href":"https:\/\/elinformanteperu.com\/index.php\/wp-json\/wp\/v2\/posts"}],"about":[{"href":"https:\/\/elinformanteperu.com\/index.php\/wp-json\/wp\/v2\/types\/post"}],"author":[{"embeddable":true,"href":"https:\/\/elinformanteperu.com\/index.php\/wp-json\/wp\/v2\/users\/1"}],"replies":[{"embeddable":true,"href":"https:\/\/elinformanteperu.com\/index.php\/wp-json\/wp\/v2\/comments?post=91599"}],"version-history":[{"count":1,"href":"https:\/\/elinformanteperu.com\/index.php\/wp-json\/wp\/v2\/posts\/91599\/revisions"}],"predecessor-version":[{"id":91601,"href":"https:\/\/elinformanteperu.com\/index.php\/wp-json\/wp\/v2\/posts\/91599\/revisions\/91601"}],"wp:featuredmedia":[{"embeddable":true,"href":"https:\/\/elinformanteperu.com\/index.php\/wp-json\/wp\/v2\/media\/91600"}],"wp:attachment":[{"href":"https:\/\/elinformanteperu.com\/index.php\/wp-json\/wp\/v2\/media?parent=91599"}],"wp:term":[{"taxonomy":"category","embeddable":true,"href":"https:\/\/elinformanteperu.com\/index.php\/wp-json\/wp\/v2\/categories?post=91599"},{"taxonomy":"post_tag","embeddable":true,"href":"https:\/\/elinformanteperu.com\/index.php\/wp-json\/wp\/v2\/tags?post=91599"}],"curies":[{"name":"wp","href":"https:\/\/api.w.org\/{rel}","templated":true}]}}