{"id":91590,"date":"2021-01-28T01:07:59","date_gmt":"2021-01-28T06:07:59","guid":{"rendered":"https:\/\/elinformanteperu.com\/?p=91590"},"modified":"2021-01-28T01:13:05","modified_gmt":"2021-01-28T06:13:05","slug":"pase-laboral-durante-la-cuarentena-seria-de-duracion-semanal","status":"publish","type":"post","link":"https:\/\/elinformanteperu.com\/index.php\/2021\/01\/28\/pase-laboral-durante-la-cuarentena-seria-de-duracion-semanal\/","title":{"rendered":"Pase laboral durante la cuarentena ser\u00eda de duraci\u00f3n semanal"},"content":{"rendered":"<p>Se est\u00e1n haciendo las coordinaciones, inform\u00f3 jefa del Gabinete Ministerial<\/p>\n<p><span style=\"color: #000000;\"><strong>Lima, 27 Enero 2021, (ANDINA).-<\/strong> La duraci\u00f3n del pase laboral que deber\u00e1n solicitar aquellas personas que tienen que trabajar durante la cuarentena dictada por el Gobierno, ser\u00eda semanal y no diario como es actualmente, inform\u00f3 la presidenta del Consejo de Ministros, Violeta Berm\u00fadez.<\/span><\/p>\n<p><span style=\"color: #000000;\">Record\u00f3 que en la norma que oficializa las medidas adoptadas por el Poder Ejecutivo existe un listado de actividades que podr\u00e1n realizarse durante el periodo de confinamiento en las regiones de riesgo extremo, pero que hay algunas esenciales que s\u00ed podr\u00e1n desarrollarse.<\/span><\/p>\n<p><span style=\"color: #000000;\">\u00abEstamos coordinando para que el pase sea de duraci\u00f3n semanal, de tal manera que no tengamos que estar sacando el pase todos los d\u00edas, hemos adoptado las medidas anoche para tener varios d\u00edas para poder implementarlas e ir esclareciendo aquella informaci\u00f3n o dudas que tenga la poblaci\u00f3n\u00bb, se\u00f1al\u00f3.<\/span><\/p>\n<p><span style=\"color: #000000;\">En conferencia de prensa realizada en Palacio de Gobierno, manifest\u00f3 que aquellas personas que tengan que salir a trabajar deber\u00e1n sacar su pase laboral o autorizaci\u00f3n para la circulaci\u00f3n en el portal del Ministerio del Interior o escribiendo \u00abpase laboral\u00bb para ingresar a la p\u00e1gina web y poner sus datos.<\/span><\/p>\n<p><strong><span style=\"color: #000000;\">Vacuna<\/span><\/strong><\/p>\n<p><span style=\"color: #000000;\">En otro momento, asegur\u00f3 que ya est\u00e1n en la fase final para contar con las vacunas contra el covid-19 adquiridas al laboratorio chino Sinopharm, ello debido a una serie de tr\u00e1mites que deben desarrollarse tanto en China como en Per\u00fa.<\/span><\/p>\n<p><span style=\"color: #000000;\">\u00abHay unos procedimientos, tanto en China que son autorizaciones para la exportaci\u00f3n y en el Per\u00fa que son autorizaciones para ingreso de las vacunas, certificaciones, etc. Afortunadamente estos tr\u00e1mites se han cerrado, que toman inevitablemente sus d\u00edas, pero ya estamos en la fase final\u00bb, asegur\u00f3.<\/span><\/p>\n<p><span style=\"color: #000000;\">Berm\u00fadez agreg\u00f3 que est\u00e1n a la espera de que la empresa transportadora, en coordinaci\u00f3n con Sinopharm en China, \u00abnos digan qu\u00e9 d\u00eda llegan (las vacunas) al Per\u00fa\u00bb<\/span><\/p>\n<p><span style=\"color: #000000;\">\u00abTodav\u00eda no termina enero as\u00ed que confiamos en que estamos pr\u00f3ximos a poder compartir con ustedes la fecha de la llegada de las vacunas al pa\u00eds\u00bb, sostuvo.<\/span><\/p>\n","protected":false},"excerpt":{"rendered":"<p>Se est\u00e1n haciendo las coordinaciones, inform\u00f3 jefa del Gabinete Ministerial Lima, 27 Enero 2021, (ANDINA).- La duraci\u00f3n del pase laboral que deber\u00e1n solicitar aquellas personas que tienen que trabajar durante la cuarentena dictada por el Gobierno, ser\u00eda semanal y no diario como es actualmente, inform\u00f3 la presidenta del Consejo de Ministros, Violeta Berm\u00fadez. Record\u00f3 que [&hellip;]<\/p>\n","protected":false},"author":1,"featured_media":91591,"comment_status":"open","ping_status":"open","sticky":false,"template":"","format":"standard","meta":{"rop_custom_images_group":[],"rop_custom_messages_group":[],"rop_publish_now":"initial","rop_publish_now_accounts":[],"rop_publish_now_history":[],"rop_publish_now_status":"pending","footnotes":""},"categories":[5,5745],"tags":[189,2317,6310,5939,6226],"class_list":["post-91590","post","type-post","status-publish","format-standard","has-post-thumbnail","hentry","category-actualidad-informativa","category-lo-ultimo","tag-pcm","tag-presidencia-del-consejo-de-ministros","tag-sinopharm","tag-vacunacion","tag-violeta-bermudez"],"_links":{"self":[{"href":"https:\/\/elinformanteperu.com\/index.php\/wp-json\/wp\/v2\/posts\/91590","targetHints":{"allow":["GET"]}}],"collection":[{"href":"https:\/\/elinformanteperu.com\/index.php\/wp-json\/wp\/v2\/posts"}],"about":[{"href":"https:\/\/elinformanteperu.com\/index.php\/wp-json\/wp\/v2\/types\/post"}],"author":[{"embeddable":true,"href":"https:\/\/elinformanteperu.com\/index.php\/wp-json\/wp\/v2\/users\/1"}],"replies":[{"embeddable":true,"href":"https:\/\/elinformanteperu.com\/index.php\/wp-json\/wp\/v2\/comments?post=91590"}],"version-history":[{"count":1,"href":"https:\/\/elinformanteperu.com\/index.php\/wp-json\/wp\/v2\/posts\/91590\/revisions"}],"predecessor-version":[{"id":91592,"href":"https:\/\/elinformanteperu.com\/index.php\/wp-json\/wp\/v2\/posts\/91590\/revisions\/91592"}],"wp:featuredmedia":[{"embeddable":true,"href":"https:\/\/elinformanteperu.com\/index.php\/wp-json\/wp\/v2\/media\/91591"}],"wp:attachment":[{"href":"https:\/\/elinformanteperu.com\/index.php\/wp-json\/wp\/v2\/media?parent=91590"}],"wp:term":[{"taxonomy":"category","embeddable":true,"href":"https:\/\/elinformanteperu.com\/index.php\/wp-json\/wp\/v2\/categories?post=91590"},{"taxonomy":"post_tag","embeddable":true,"href":"https:\/\/elinformanteperu.com\/index.php\/wp-json\/wp\/v2\/tags?post=91590"}],"curies":[{"name":"wp","href":"https:\/\/api.w.org\/{rel}","templated":true}]}}