{"id":9144,"date":"2017-05-01T12:57:50","date_gmt":"2017-05-01T17:57:50","guid":{"rendered":"http:\/\/elinformanteperu.com\/?p=9144"},"modified":"2017-05-01T12:57:50","modified_gmt":"2017-05-01T17:57:50","slug":"britanico-roger-waters-lanzara-nuevo-disco-en-junio","status":"publish","type":"post","link":"https:\/\/elinformanteperu.com\/index.php\/2017\/05\/01\/britanico-roger-waters-lanzara-nuevo-disco-en-junio\/","title":{"rendered":"Brit\u00e1nico Roger Waters lanzar\u00e1 nuevo disco en junio"},"content":{"rendered":"<p><strong><span style=\"color: #000000;\">M\u00e1s de una d\u00e9cada despu\u00e9s de su \u00faltima producci\u00f3n discogr\u00e1fica, el 2 de junio saldr\u00e1 a la venta el nuevo CD del m\u00fasico brit\u00e1nico Roger Waters, fundador de Pink Floyd.<\/span><\/strong><\/p>\n<p><span style=\"color: #000000;\"><strong>Londres, 01 Mayo 2017, (PL).-<\/strong> M\u00e1s de una d\u00e9cada despu\u00e9s de su \u00faltima producci\u00f3n discogr\u00e1fica, el 2 de junio saldr\u00e1 a la venta el nuevo CD del m\u00fasico brit\u00e1nico Roger Waters, fundador de la reconocida banda Pink Floyd, destacan medios locales.<\/span><\/p>\n<p><span style=\"color: #000000;\">Bajo el t\u00edtulo Is this the life we really want?, el \u00e1lbum reunir\u00e1 12 temas, entre ellos D\u00e9j\u00e0 Vu, The last refugee y Wait for her.<\/span><\/p>\n<p><span style=\"color: #000000;\">Producido por el brit\u00e1nico Nigel Godrich, el disco cuenta con la colaboraci\u00f3n del baterista estadounidense Joey Waronker y la banda neoyorkina Lucius.<\/span><\/p>\n<p><span style=\"color: #000000;\">Adem\u00e1s de trabajar en la promoci\u00f3n de los temas del nuevo fonograma, Waters colabora junto a David Gilmour y Nick Mason en la realizaci\u00f3n de una exposici\u00f3n dedicada a Pink Floyd en el Museo Victoria y Alberto de esta capital.<\/span><\/p>\n<p><span style=\"color: #000000;\">La muestra ser\u00e1 inaugurada el 13 de mayo e incluye 350 fotos, piezas audiovisuales, instrumentos, proyectos escenogr\u00e1ficos, letras manuscritas, carteles promocionales y otros objetos de la agrupaci\u00f3n, considerada una de las m\u00e1s influyentes del siglo XX.<\/span><\/p>\n<p><span style=\"color: #000000;\">Seg\u00fan los organizadores, la iniciativa pretende mostrar, mediante la conjunci\u00f3n de varios formatos, una retrospectiva de la banda y sus aportes al rock y a la m\u00fasica en general.<\/span><\/p>\n<p><iframe src=\"https:\/\/www.youtube-nocookie.com\/embed\/Jvl0MDXH96M?rel=0&amp;controls=0&amp;showinfo=0\" width=\"560\" height=\"315\" frameborder=\"0\" allowfullscreen=\"allowfullscreen\"><\/iframe><\/p>\n","protected":false},"excerpt":{"rendered":"<p>M\u00e1s de una d\u00e9cada despu\u00e9s de su \u00faltima producci\u00f3n discogr\u00e1fica, el 2 de junio saldr\u00e1 a la venta el nuevo CD del m\u00fasico brit\u00e1nico Roger Waters, fundador de Pink Floyd. Londres, 01 Mayo 2017, (PL).- M\u00e1s de una d\u00e9cada despu\u00e9s de su \u00faltima producci\u00f3n discogr\u00e1fica, el 2 de junio saldr\u00e1 a la venta el nuevo [&hellip;]<\/p>\n","protected":false},"author":1,"featured_media":9145,"comment_status":"open","ping_status":"open","sticky":false,"template":"","format":"standard","meta":{"rop_custom_images_group":[],"rop_custom_messages_group":[],"rop_publish_now":"initial","rop_publish_now_accounts":[],"rop_publish_now_history":[],"rop_publish_now_status":"pending","footnotes":""},"categories":[69],"tags":[1444,1464],"class_list":["post-9144","post","type-post","status-publish","format-standard","has-post-thumbnail","hentry","category-musica","tag-pink-floyd","tag-roger-waters"],"_links":{"self":[{"href":"https:\/\/elinformanteperu.com\/index.php\/wp-json\/wp\/v2\/posts\/9144","targetHints":{"allow":["GET"]}}],"collection":[{"href":"https:\/\/elinformanteperu.com\/index.php\/wp-json\/wp\/v2\/posts"}],"about":[{"href":"https:\/\/elinformanteperu.com\/index.php\/wp-json\/wp\/v2\/types\/post"}],"author":[{"embeddable":true,"href":"https:\/\/elinformanteperu.com\/index.php\/wp-json\/wp\/v2\/users\/1"}],"replies":[{"embeddable":true,"href":"https:\/\/elinformanteperu.com\/index.php\/wp-json\/wp\/v2\/comments?post=9144"}],"version-history":[{"count":1,"href":"https:\/\/elinformanteperu.com\/index.php\/wp-json\/wp\/v2\/posts\/9144\/revisions"}],"predecessor-version":[{"id":9146,"href":"https:\/\/elinformanteperu.com\/index.php\/wp-json\/wp\/v2\/posts\/9144\/revisions\/9146"}],"wp:featuredmedia":[{"embeddable":true,"href":"https:\/\/elinformanteperu.com\/index.php\/wp-json\/wp\/v2\/media\/9145"}],"wp:attachment":[{"href":"https:\/\/elinformanteperu.com\/index.php\/wp-json\/wp\/v2\/media?parent=9144"}],"wp:term":[{"taxonomy":"category","embeddable":true,"href":"https:\/\/elinformanteperu.com\/index.php\/wp-json\/wp\/v2\/categories?post=9144"},{"taxonomy":"post_tag","embeddable":true,"href":"https:\/\/elinformanteperu.com\/index.php\/wp-json\/wp\/v2\/tags?post=9144"}],"curies":[{"name":"wp","href":"https:\/\/api.w.org\/{rel}","templated":true}]}}