{"id":91373,"date":"2021-01-24T13:23:58","date_gmt":"2021-01-24T18:23:58","guid":{"rendered":"https:\/\/elinformanteperu.com\/?p=91373"},"modified":"2021-01-24T13:23:58","modified_gmt":"2021-01-24T18:23:58","slug":"elecciones-2021-urresti-expresa-compromiso-para-realizar-campana-limpia","status":"publish","type":"post","link":"https:\/\/elinformanteperu.com\/index.php\/2021\/01\/24\/elecciones-2021-urresti-expresa-compromiso-para-realizar-campana-limpia\/","title":{"rendered":"Elecciones 2021: Urresti expresa compromiso para realizar campa\u00f1a limpia"},"content":{"rendered":"<p><span style=\"color: #000000;\"><strong>Lima, 23 Enero 2021, (ANDINA).-<\/strong> El candidato presidencial de Podemos Per\u00fa, Daniel Urresti, adelant\u00f3 que firmar\u00e1 el Pacto \u00c9tico Electoral (PEE), promovido por el Jurado Nacional de Elecciones, con miras a las pr\u00f3ximas elecciones del 11 de abril.<\/span><\/p>\n<p><span style=\"color: #000000;\">\u201cEs muy importante decir a la ciudadan\u00eda que estamos comprometidos con una campa\u00f1a electoral limpia, de exposici\u00f3n de planes de gobierno y de debate alturado. La firma de este pacto es un acto simb\u00f3lico, pero importante. Finalmente, depende de cada candidato el comportamiento que tenga\u201d, se\u00f1al\u00f3.<\/span><\/p>\n<p><span style=\"color: #000000;\">Asimismo, salud\u00f3 que los medios de comunicaci\u00f3n y los programas pol\u00edticos est\u00e9n haciendo \u00e9nfasis en los planes de gobierno de los candidatos y no en temas secundarios.<\/span><\/p>\n<p><span style=\"color: #000000;\">Urresti pidi\u00f3 que todos los candidatos presidenciales que firmen el Pacto \u00c9tico tambi\u00e9n suscriban un compromiso contra un eventual indulto para Alberto Fujimori.<\/span><\/p>\n<p><span style=\"color: #000000;\">El candidato de Podemos Per\u00fa estuvo recientemente en Iquitos, como parte de sus actividades de campa\u00f1a, realizando una serie de visitas y reuniones con l\u00edderes vecinales y algunas comunidades ind\u00edgenas a quienes les garantiz\u00f3 incidir en salud, trabajo, educaci\u00f3n y seguridad.<\/span><\/p>\n","protected":false},"excerpt":{"rendered":"<p>Lima, 23 Enero 2021, (ANDINA).- El candidato presidencial de Podemos Per\u00fa, Daniel Urresti, adelant\u00f3 que firmar\u00e1 el Pacto \u00c9tico Electoral (PEE), promovido por el Jurado Nacional de Elecciones, con miras a las pr\u00f3ximas elecciones del 11 de abril. \u201cEs muy importante decir a la ciudadan\u00eda que estamos comprometidos con una campa\u00f1a electoral limpia, de exposici\u00f3n [&hellip;]<\/p>\n","protected":false},"author":1,"featured_media":79604,"comment_status":"open","ping_status":"open","sticky":false,"template":"","format":"standard","meta":{"rop_custom_images_group":[],"rop_custom_messages_group":[],"rop_publish_now":"initial","rop_publish_now_accounts":[],"rop_publish_now_history":[],"rop_publish_now_status":"pending","footnotes":""},"categories":[5],"tags":[2951,2953],"class_list":["post-91373","post","type-post","status-publish","format-standard","has-post-thumbnail","hentry","category-actualidad-informativa","tag-daniel-urresti","tag-podemos-peru"],"_links":{"self":[{"href":"https:\/\/elinformanteperu.com\/index.php\/wp-json\/wp\/v2\/posts\/91373","targetHints":{"allow":["GET"]}}],"collection":[{"href":"https:\/\/elinformanteperu.com\/index.php\/wp-json\/wp\/v2\/posts"}],"about":[{"href":"https:\/\/elinformanteperu.com\/index.php\/wp-json\/wp\/v2\/types\/post"}],"author":[{"embeddable":true,"href":"https:\/\/elinformanteperu.com\/index.php\/wp-json\/wp\/v2\/users\/1"}],"replies":[{"embeddable":true,"href":"https:\/\/elinformanteperu.com\/index.php\/wp-json\/wp\/v2\/comments?post=91373"}],"version-history":[{"count":1,"href":"https:\/\/elinformanteperu.com\/index.php\/wp-json\/wp\/v2\/posts\/91373\/revisions"}],"predecessor-version":[{"id":91374,"href":"https:\/\/elinformanteperu.com\/index.php\/wp-json\/wp\/v2\/posts\/91373\/revisions\/91374"}],"wp:featuredmedia":[{"embeddable":true,"href":"https:\/\/elinformanteperu.com\/index.php\/wp-json\/wp\/v2\/media\/79604"}],"wp:attachment":[{"href":"https:\/\/elinformanteperu.com\/index.php\/wp-json\/wp\/v2\/media?parent=91373"}],"wp:term":[{"taxonomy":"category","embeddable":true,"href":"https:\/\/elinformanteperu.com\/index.php\/wp-json\/wp\/v2\/categories?post=91373"},{"taxonomy":"post_tag","embeddable":true,"href":"https:\/\/elinformanteperu.com\/index.php\/wp-json\/wp\/v2\/tags?post=91373"}],"curies":[{"name":"wp","href":"https:\/\/api.w.org\/{rel}","templated":true}]}}