{"id":91371,"date":"2021-01-24T13:20:37","date_gmt":"2021-01-24T18:20:37","guid":{"rendered":"https:\/\/elinformanteperu.com\/?p=91371"},"modified":"2021-01-24T13:20:37","modified_gmt":"2021-01-24T18:20:37","slug":"elecciones-2021-keiko-fujimori-dice-que-defendera-constitucion-de-1993","status":"publish","type":"post","link":"https:\/\/elinformanteperu.com\/index.php\/2021\/01\/24\/elecciones-2021-keiko-fujimori-dice-que-defendera-constitucion-de-1993\/","title":{"rendered":"Elecciones 2021: Keiko Fujimori dice que defender\u00e1 Constituci\u00f3n de 1993"},"content":{"rendered":"<p><span style=\"color: #000000;\"><strong>Lima, 23 Enero 2021, (El Informante Per\u00fa).-<\/strong> La candidata presidencial por Fuerza Popular, Keiko Fujimori, expres\u00f3 su defensa en torno a la Constituci\u00f3n de 1993 frente a las propuestas de otras agrupaciones para cambiarla.<\/span><\/p>\n<p><span style=\"color: #000000;\">\u201cNuestra Constituci\u00f3n es la que permiti\u00f3 consolidar la paz y rescatar a millones de peruanos de la pobreza. Desde la selva central les digo que enfrentar\u00e9 a los que proponen cambiarla y llevarnos al pasado\u201d, dijo.<\/span><\/p>\n<p><span style=\"color: #000000;\">Seg\u00fan inform\u00f3 Fuerza Popular, Keiko Fujimori lleg\u00f3 de manera sorpresiva a la selva central, siguiendo los protocolos de bioseguridad frente a la pandemia del covid-19 y tras obtener el permiso judicial respectivo.<\/span><\/p>\n<p><span style=\"color: #000000;\">La candidata inici\u00f3 su recorrido con agricultores de caf\u00e9 en Peren\u00e9, luego visit\u00f3 San Miguel de Pangoa para conocer una asociaci\u00f3n que exporta kion y c\u00farcuma.<\/span><\/p>\n<p><span style=\"color: #000000;\">Posteriormente, visit\u00f3 la comunidad nativa de Cubant\u00eda. En el camino hizo una parada en el vivero Huando, en el distrito R\u00edo Negro en Satipo. Despu\u00e9s lleg\u00f3 al emblem\u00e1tico mirador de Pichanaki.<\/span><\/p>\n<p><span style=\"color: #000000;\">Por \u00faltimo visit\u00f3 Villa Rica, donde degust\u00f3 el caf\u00e9 de Kelly, una de la productoras m\u00e1s reconocidas de este grano.<\/span><\/p>\n<p><span style=\"color: #000000;\">Fujimori tom\u00f3 nota de las demandas en sus diferentes reuniones y dijo que Fuerza Popular tiene el plan de gobierno m\u00e1s completo para volver a rescatar al pa\u00eds.<\/span><\/p>\n<p><span style=\"color: #000000;\">\u201cRescatar a nuestro pa\u00eds depende de un equipo l\u00edder, pero tambi\u00e9n de la uni\u00f3n de todos los peruanos. Solo as\u00ed saldremos adelante\u201d, manifest\u00f3.<\/span><\/p>\n","protected":false},"excerpt":{"rendered":"<p>Lima, 23 Enero 2021, (El Informante Per\u00fa).- La candidata presidencial por Fuerza Popular, Keiko Fujimori, expres\u00f3 su defensa en torno a la Constituci\u00f3n de 1993 frente a las propuestas de otras agrupaciones para cambiarla. \u201cNuestra Constituci\u00f3n es la que permiti\u00f3 consolidar la paz y rescatar a millones de peruanos de la pobreza. Desde la selva [&hellip;]<\/p>\n","protected":false},"author":1,"featured_media":82142,"comment_status":"open","ping_status":"open","sticky":false,"template":"","format":"standard","meta":{"rop_custom_images_group":[],"rop_custom_messages_group":[],"rop_publish_now":"initial","rop_publish_now_accounts":[],"rop_publish_now_history":[],"rop_publish_now_status":"pending","footnotes":""},"categories":[5],"tags":[5461,295,557],"class_list":["post-91371","post","type-post","status-publish","format-standard","has-post-thumbnail","hentry","category-actualidad-informativa","tag-elecciones-2021","tag-fuerza-popular","tag-keiko-fujimori"],"_links":{"self":[{"href":"https:\/\/elinformanteperu.com\/index.php\/wp-json\/wp\/v2\/posts\/91371","targetHints":{"allow":["GET"]}}],"collection":[{"href":"https:\/\/elinformanteperu.com\/index.php\/wp-json\/wp\/v2\/posts"}],"about":[{"href":"https:\/\/elinformanteperu.com\/index.php\/wp-json\/wp\/v2\/types\/post"}],"author":[{"embeddable":true,"href":"https:\/\/elinformanteperu.com\/index.php\/wp-json\/wp\/v2\/users\/1"}],"replies":[{"embeddable":true,"href":"https:\/\/elinformanteperu.com\/index.php\/wp-json\/wp\/v2\/comments?post=91371"}],"version-history":[{"count":1,"href":"https:\/\/elinformanteperu.com\/index.php\/wp-json\/wp\/v2\/posts\/91371\/revisions"}],"predecessor-version":[{"id":91372,"href":"https:\/\/elinformanteperu.com\/index.php\/wp-json\/wp\/v2\/posts\/91371\/revisions\/91372"}],"wp:featuredmedia":[{"embeddable":true,"href":"https:\/\/elinformanteperu.com\/index.php\/wp-json\/wp\/v2\/media\/82142"}],"wp:attachment":[{"href":"https:\/\/elinformanteperu.com\/index.php\/wp-json\/wp\/v2\/media?parent=91371"}],"wp:term":[{"taxonomy":"category","embeddable":true,"href":"https:\/\/elinformanteperu.com\/index.php\/wp-json\/wp\/v2\/categories?post=91371"},{"taxonomy":"post_tag","embeddable":true,"href":"https:\/\/elinformanteperu.com\/index.php\/wp-json\/wp\/v2\/tags?post=91371"}],"curies":[{"name":"wp","href":"https:\/\/api.w.org\/{rel}","templated":true}]}}