{"id":91368,"date":"2021-01-24T13:17:34","date_gmt":"2021-01-24T18:17:34","guid":{"rendered":"https:\/\/elinformanteperu.com\/?p=91368"},"modified":"2021-01-24T14:20:44","modified_gmt":"2021-01-24T19:20:44","slug":"elecciones-2021-debates-entre-candidatos-seran-el-28-de-marzo-y-4-de-abril","status":"publish","type":"post","link":"https:\/\/elinformanteperu.com\/index.php\/2021\/01\/24\/elecciones-2021-debates-entre-candidatos-seran-el-28-de-marzo-y-4-de-abril\/","title":{"rendered":"Elecciones 2021: debates entre candidatos ser\u00e1n el 28 de marzo y 4 de abril"},"content":{"rendered":"<p><strong><span style=\"color: #000000;\">Anunci\u00f3 titular del JNE<\/span><\/strong><\/p>\n<p><span style=\"color: #000000;\"><strong>Lima, 23 Enero 2021, (ANDINA).-<\/strong> Los debates entre los candidatos a la Presidencia se desarrollar\u00e1n el \u00faltimo domingo de marzo y el primer domingo de abril, con la finalidad de que el electorado pueda conocer sus planteamientos, anunci\u00f3 el presidente del Jurado Nacional de Elecciones (JNE), Jorge Salas.<\/span><\/p>\n<p><span style=\"color: #000000;\">En ese sentido, precis\u00f3 que para el JNE es un asunto de inter\u00e9s ordenar, organizar y realizar estas confrontaciones de ideas sobre la base de puntos espec\u00edficos.<\/span><\/p>\n<p><span style=\"color: #000000;\">\u00abDespu\u00e9s de establecer qui\u00e9nes son los que van a contender, tendr\u00e1n que realizarse en el \u00faltimo domingo de marzo (d\u00eda 28) y el primer domingo de abril (d\u00eda 4), en dos partes, porque parece que van a ser varios candidatos a la Presidencia para que puedan discutir p\u00fablicamente\u00bb, afirm\u00f3 en RPP.<\/span><\/p>\n<p><span style=\"color: #000000;\">Ante la gran cantidad de candidatos, dijo, los m\u00e1s razonable ser\u00e1 efectuar un sorteo para determinar en qu\u00e9 grupo participar\u00e1 cada uno de los partidos.<\/span><\/p>\n<p><span style=\"color: #000000;\">Para el caso de los candidatos al Congreso de la Rep\u00fablica, se\u00f1al\u00f3 que los debates se desarrollar\u00e1n en las regiones, dependiendo de la jurisdicci\u00f3n electoral a la que postulan y tiene un cronograma que va desde el 1 al 31 de marzo.<\/span><\/p>\n<p><span style=\"color: #000000;\">\u00abEn ese caso, ser\u00e1 cada organismo (electoral) local el que dirigir\u00e1 esos debates que permitan que el electorado conozca los planteamientos y los sustentos de sus candidatos\u00bb, refiri\u00f3.<\/span><\/p>\n<p><span style=\"color: #000000;\">Salas asegur\u00f3 que, por la organizaci\u00f3n y realizaci\u00f3n de estos debates, marzo ser\u00e1 \u00abintenso\u00bb y dedicado a informar a la poblaci\u00f3n sobre las ideas y planes de los participantes.<\/span><\/p>\n<p><span style=\"color: #000000;\">\u00abCon la finalidad de que la poblaci\u00f3n tenga un conocimiento cabal de cu\u00e1les son las expectativas razonables sobre las que tendr\u00e1n que elegir\u00bb, coment\u00f3.<\/span><\/p>\n","protected":false},"excerpt":{"rendered":"<p>Anunci\u00f3 titular del JNE Lima, 23 Enero 2021, (ANDINA).- Los debates entre los candidatos a la Presidencia se desarrollar\u00e1n el \u00faltimo domingo de marzo y el primer domingo de abril, con la finalidad de que el electorado pueda conocer sus planteamientos, anunci\u00f3 el presidente del Jurado Nacional de Elecciones (JNE), Jorge Salas. En ese sentido, [&hellip;]<\/p>\n","protected":false},"author":1,"featured_media":91369,"comment_status":"open","ping_status":"open","sticky":false,"template":"","format":"standard","meta":{"rop_custom_images_group":[],"rop_custom_messages_group":[],"rop_publish_now":"initial","rop_publish_now_accounts":[],"rop_publish_now_history":[],"rop_publish_now_status":"pending","footnotes":""},"categories":[5,5745],"tags":[5461,184,6216,185],"class_list":["post-91368","post","type-post","status-publish","format-standard","has-post-thumbnail","hentry","category-actualidad-informativa","category-lo-ultimo","tag-elecciones-2021","tag-jne","tag-jorge-salas-arenas","tag-jurado-nacional-de-elecciones"],"_links":{"self":[{"href":"https:\/\/elinformanteperu.com\/index.php\/wp-json\/wp\/v2\/posts\/91368","targetHints":{"allow":["GET"]}}],"collection":[{"href":"https:\/\/elinformanteperu.com\/index.php\/wp-json\/wp\/v2\/posts"}],"about":[{"href":"https:\/\/elinformanteperu.com\/index.php\/wp-json\/wp\/v2\/types\/post"}],"author":[{"embeddable":true,"href":"https:\/\/elinformanteperu.com\/index.php\/wp-json\/wp\/v2\/users\/1"}],"replies":[{"embeddable":true,"href":"https:\/\/elinformanteperu.com\/index.php\/wp-json\/wp\/v2\/comments?post=91368"}],"version-history":[{"count":1,"href":"https:\/\/elinformanteperu.com\/index.php\/wp-json\/wp\/v2\/posts\/91368\/revisions"}],"predecessor-version":[{"id":91370,"href":"https:\/\/elinformanteperu.com\/index.php\/wp-json\/wp\/v2\/posts\/91368\/revisions\/91370"}],"wp:featuredmedia":[{"embeddable":true,"href":"https:\/\/elinformanteperu.com\/index.php\/wp-json\/wp\/v2\/media\/91369"}],"wp:attachment":[{"href":"https:\/\/elinformanteperu.com\/index.php\/wp-json\/wp\/v2\/media?parent=91368"}],"wp:term":[{"taxonomy":"category","embeddable":true,"href":"https:\/\/elinformanteperu.com\/index.php\/wp-json\/wp\/v2\/categories?post=91368"},{"taxonomy":"post_tag","embeddable":true,"href":"https:\/\/elinformanteperu.com\/index.php\/wp-json\/wp\/v2\/tags?post=91368"}],"curies":[{"name":"wp","href":"https:\/\/api.w.org\/{rel}","templated":true}]}}