{"id":91304,"date":"2021-01-23T00:45:34","date_gmt":"2021-01-23T05:45:34","guid":{"rendered":"https:\/\/elinformanteperu.com\/?p=91304"},"modified":"2021-01-23T00:45:34","modified_gmt":"2021-01-23T05:45:34","slug":"elecciones-2021-jne-declara-infundadas-tachas-contra-martin-vizcarra","status":"publish","type":"post","link":"https:\/\/elinformanteperu.com\/index.php\/2021\/01\/23\/elecciones-2021-jne-declara-infundadas-tachas-contra-martin-vizcarra\/","title":{"rendered":"Elecciones 2021: JNE declara infundadas tachas contra Mart\u00edn Vizcarra"},"content":{"rendered":"<p><strong><span style=\"color: #000000;\">Desestim\u00f3 apelaciones presentadas por Yeni Vilcatoma y M\u00f3nica Yaya<\/span><\/strong><\/p>\n<p><span style=\"color: #000000;\"><strong>Lima, 22 Enero 2021, (ANDINA).-<\/strong> Mediante dos resoluciones, el Jurado Nacional de Elecciones (JNE) declar\u00f3 infundadas igual n\u00famero de tachas presentadas contra la candidatura de Mart\u00edn Vizcarra al Congreso por el partido Somos Per\u00fa.<\/span><\/p>\n<p><span style=\"color: #000000;\">El m\u00e1ximo ente electoral resolvi\u00f3 as\u00ed las apelaciones interpuestas por la excongresista Yeni Vilcatoma y la ciudadana M\u00f3nica Yaya ante la decisi\u00f3n del Jurado Electoral Especial (JEE) Lima Centro 2 de no invalidar la postulaci\u00f3n del exmandatario.<\/span><\/p>\n<p><span style=\"color: #000000;\">Ambas alegaban que Vizcarra est\u00e1 impedido de postular pues no cumpli\u00f3 con renunciar a la presidencia al 12 de octubre del a\u00f1o pasado; fecha l\u00edmite para que otras autoridades estatales cumplieran con dicho tr\u00e1mite antes de presentar sus candidaturas.<\/span><\/p>\n<p><span style=\"color: #000000;\">El JEE determin\u00f3 que la tacha no proced\u00eda, pues el art\u00edculo 91 de la Constituci\u00f3n y el art\u00edculo 113 de la Ley Org\u00e1nica de Elecciones no contemplan al presidente dentro de los funcionarios que tienen que renunciar a sus cargos meses antes de las elecciones.<\/span><\/p>\n<p><span style=\"color: #000000;\">Al resolver las apelaciones a esta decisi\u00f3n del JEE, el JNE se\u00f1al\u00f3, a su vez, que no puede restring\u00edrsele a un ciudadano el ejercicio de su derecho a la participaci\u00f3n pol\u00edtica haciendo \u201cuna interpretaci\u00f3n extensiva\u201d de la legislaci\u00f3n vigente. Ello contradecir\u00eda el principio de seguridad jur\u00eddica.<\/span><\/p>\n<p><span style=\"color: #000000;\">El JNE tambi\u00e9n consider\u00f3 que reci\u00e9n a partir de que Vizcarra fue vacado en la presidencia de la Rep\u00fablica, \u201ceste pudo tomar las decisiones referidas a su postulaci\u00f3n al presente proceso electoral\u201d.<\/span><\/p>\n<p><span style=\"color: #000000;\">Ambas resoluciones tuvieron el voto singular del magistrado Luis Arce, quien consider\u00f3 que deb\u00edan de declararse fundadas las apelaciones y, por consiguiente, proceder a retirar la candidatura del exmandatario.<\/span><\/p>\n","protected":false},"excerpt":{"rendered":"<p>Desestim\u00f3 apelaciones presentadas por Yeni Vilcatoma y M\u00f3nica Yaya Lima, 22 Enero 2021, (ANDINA).- Mediante dos resoluciones, el Jurado Nacional de Elecciones (JNE) declar\u00f3 infundadas igual n\u00famero de tachas presentadas contra la candidatura de Mart\u00edn Vizcarra al Congreso por el partido Somos Per\u00fa. El m\u00e1ximo ente electoral resolvi\u00f3 as\u00ed las apelaciones interpuestas por la excongresista [&hellip;]<\/p>\n","protected":false},"author":1,"featured_media":88806,"comment_status":"open","ping_status":"open","sticky":false,"template":"","format":"standard","meta":{"rop_custom_images_group":[],"rop_custom_messages_group":[],"rop_publish_now":"initial","rop_publish_now_accounts":[],"rop_publish_now_history":[],"rop_publish_now_status":"pending","footnotes":""},"categories":[5],"tags":[5461,184,185,289],"class_list":["post-91304","post","type-post","status-publish","format-standard","has-post-thumbnail","hentry","category-actualidad-informativa","tag-elecciones-2021","tag-jne","tag-jurado-nacional-de-elecciones","tag-martin-vizcarra"],"_links":{"self":[{"href":"https:\/\/elinformanteperu.com\/index.php\/wp-json\/wp\/v2\/posts\/91304","targetHints":{"allow":["GET"]}}],"collection":[{"href":"https:\/\/elinformanteperu.com\/index.php\/wp-json\/wp\/v2\/posts"}],"about":[{"href":"https:\/\/elinformanteperu.com\/index.php\/wp-json\/wp\/v2\/types\/post"}],"author":[{"embeddable":true,"href":"https:\/\/elinformanteperu.com\/index.php\/wp-json\/wp\/v2\/users\/1"}],"replies":[{"embeddable":true,"href":"https:\/\/elinformanteperu.com\/index.php\/wp-json\/wp\/v2\/comments?post=91304"}],"version-history":[{"count":1,"href":"https:\/\/elinformanteperu.com\/index.php\/wp-json\/wp\/v2\/posts\/91304\/revisions"}],"predecessor-version":[{"id":91305,"href":"https:\/\/elinformanteperu.com\/index.php\/wp-json\/wp\/v2\/posts\/91304\/revisions\/91305"}],"wp:featuredmedia":[{"embeddable":true,"href":"https:\/\/elinformanteperu.com\/index.php\/wp-json\/wp\/v2\/media\/88806"}],"wp:attachment":[{"href":"https:\/\/elinformanteperu.com\/index.php\/wp-json\/wp\/v2\/media?parent=91304"}],"wp:term":[{"taxonomy":"category","embeddable":true,"href":"https:\/\/elinformanteperu.com\/index.php\/wp-json\/wp\/v2\/categories?post=91304"},{"taxonomy":"post_tag","embeddable":true,"href":"https:\/\/elinformanteperu.com\/index.php\/wp-json\/wp\/v2\/tags?post=91304"}],"curies":[{"name":"wp","href":"https:\/\/api.w.org\/{rel}","templated":true}]}}