{"id":91301,"date":"2021-01-23T00:42:46","date_gmt":"2021-01-23T05:42:46","guid":{"rendered":"https:\/\/elinformanteperu.com\/?p=91301"},"modified":"2021-01-23T00:43:33","modified_gmt":"2021-01-23T05:43:33","slug":"elecciones-2021-jne-resuelve-que-cesar-acuna-continue-en-carrera","status":"publish","type":"post","link":"https:\/\/elinformanteperu.com\/index.php\/2021\/01\/23\/elecciones-2021-jne-resuelve-que-cesar-acuna-continue-en-carrera\/","title":{"rendered":"Elecciones 2021: JNE resuelve que C\u00e9sar Acu\u00f1a contin\u00fae en carrera"},"content":{"rendered":"<p><span style=\"color: #000000;\"><strong>Lima, 22 Enero 2021, (ANDINA).-<\/strong> El Jurado Nacional de Elecciones (JNE) declar\u00f3 fundada la apelaci\u00f3n interpuesta por el partido Alianza para el Progreso (APP) para revocar la resoluci\u00f3n que excluy\u00f3 a su candidato presidencial, C\u00e9sar Acu\u00f1a.<\/span><\/p>\n<p><span style=\"color: #000000;\">Con ello, el candidato seguir\u00e1 en carrera en las elecciones generales del 2021.<\/span><\/p>\n<p><span style=\"color: #000000;\">Acu\u00f1a hab\u00eda sido excluido de participar en los comicios el pasado 7 de enero, debido a que omiti\u00f3 consignar en su declaraci\u00f3n jurada de hoja de vida una de sus propiedades.<\/span><\/p>\n<p><span style=\"color: #000000;\">Esta omisi\u00f3n, a criterio del Jurado Electoral Especial (JEE) Lima Centro 1, motiv\u00f3 el retiro del proceso electoral, pues las declaraciones juradas contribuyen al proceso de formaci\u00f3n de la voluntad popular y se requiere optimizar el principio de transparencia y la veracidad.<\/span><\/p>\n<p><span style=\"color: #000000;\">En su resoluci\u00f3n, el JNE indic\u00f3 que el candidato obtuvo la propiedad del bien inmueble el 28 de noviembre del 2020 y el 7 de diciembre lo transfiri\u00f3 a un tercero (contrato de compraventa).<\/span><\/p>\n<p><span style=\"color: #000000;\">El documento de la compraventa cuenta con firmas legalizadas ante notario p\u00fablico e independientemente de la fecha de inscripci\u00f3n del bien inmueble en Registros P\u00fablicos, resulta evidente que el candidato transfiri\u00f3 la propiedad del bien inmueble a favor de un tercero, refiere la resoluci\u00f3n.<\/span><\/p>\n<p><span style=\"color: #000000;\">As\u00ed las cosas, agrega, a dicha fecha el candidato ya no ostentaba la propiedad del bien inmueble, por lo que no ten\u00eda la obligaci\u00f3n de declararlo en su hoja de vida.<\/span><\/p>\n<p><span style=\"color: #000000;\">C\u00e9sar Acu\u00f1a se\u00f1al\u00f3 recibir con alegr\u00eda el fallo del JNE que le permite seguir en carrera.<\/span><\/p>\n<p><span style=\"color: #000000;\">\u00abEn ning\u00fan momento dej\u00e9 de visitar y escuchar a las familias que est\u00e1n en busca de nuevas alternativas para el pa\u00eds\u00bb, se\u00f1al\u00f3 el candidato v\u00eda Twitter.<\/span><\/p>\n<blockquote class=\"twitter-tweet\">\n<p dir=\"ltr\" lang=\"es\">Desde Chota, el sitio que me vio nacer, recibo con alegr\u00eda el fallo que me permite seguir llevando mis propuestas a todo el pa\u00eds. En ning\u00fan momento dej\u00e9 de visitar y escuchar a las familias que est\u00e1n en busca de nuevas alternativas para el pa\u00eds. Vamos por <a href=\"https:\/\/twitter.com\/hashtag\/UnCambioConRumbo?src=hash&amp;ref_src=twsrc%5Etfw\">#UnCambioConRumbo<\/a>.<\/p>\n<p>\u2014 C\u00e9sar Acu\u00f1a Peralta (@CesarAcunaP) <a href=\"https:\/\/twitter.com\/CesarAcunaP\/status\/1352788517584297984?ref_src=twsrc%5Etfw\">January 23, 2021<\/a><\/p><\/blockquote>\n<p><script async src=\"https:\/\/platform.twitter.com\/widgets.js\" charset=\"utf-8\"><\/script><\/p>\n","protected":false},"excerpt":{"rendered":"<p>Lima, 22 Enero 2021, (ANDINA).- El Jurado Nacional de Elecciones (JNE) declar\u00f3 fundada la apelaci\u00f3n interpuesta por el partido Alianza para el Progreso (APP) para revocar la resoluci\u00f3n que excluy\u00f3 a su candidato presidencial, C\u00e9sar Acu\u00f1a. Con ello, el candidato seguir\u00e1 en carrera en las elecciones generales del 2021. Acu\u00f1a hab\u00eda sido excluido de participar [&hellip;]<\/p>\n","protected":false},"author":1,"featured_media":90251,"comment_status":"open","ping_status":"open","sticky":false,"template":"","format":"standard","meta":{"rop_custom_images_group":[],"rop_custom_messages_group":[],"rop_publish_now":"initial","rop_publish_now_accounts":[],"rop_publish_now_history":[],"rop_publish_now_status":"pending","footnotes":""},"categories":[5,5745],"tags":[275,276,632,5461,184,185],"class_list":["post-91301","post","type-post","status-publish","format-standard","has-post-thumbnail","hentry","category-actualidad-informativa","category-lo-ultimo","tag-alianza-para-el-progreso","tag-app","tag-cesar-acuna","tag-elecciones-2021","tag-jne","tag-jurado-nacional-de-elecciones"],"_links":{"self":[{"href":"https:\/\/elinformanteperu.com\/index.php\/wp-json\/wp\/v2\/posts\/91301","targetHints":{"allow":["GET"]}}],"collection":[{"href":"https:\/\/elinformanteperu.com\/index.php\/wp-json\/wp\/v2\/posts"}],"about":[{"href":"https:\/\/elinformanteperu.com\/index.php\/wp-json\/wp\/v2\/types\/post"}],"author":[{"embeddable":true,"href":"https:\/\/elinformanteperu.com\/index.php\/wp-json\/wp\/v2\/users\/1"}],"replies":[{"embeddable":true,"href":"https:\/\/elinformanteperu.com\/index.php\/wp-json\/wp\/v2\/comments?post=91301"}],"version-history":[{"count":2,"href":"https:\/\/elinformanteperu.com\/index.php\/wp-json\/wp\/v2\/posts\/91301\/revisions"}],"predecessor-version":[{"id":91303,"href":"https:\/\/elinformanteperu.com\/index.php\/wp-json\/wp\/v2\/posts\/91301\/revisions\/91303"}],"wp:featuredmedia":[{"embeddable":true,"href":"https:\/\/elinformanteperu.com\/index.php\/wp-json\/wp\/v2\/media\/90251"}],"wp:attachment":[{"href":"https:\/\/elinformanteperu.com\/index.php\/wp-json\/wp\/v2\/media?parent=91301"}],"wp:term":[{"taxonomy":"category","embeddable":true,"href":"https:\/\/elinformanteperu.com\/index.php\/wp-json\/wp\/v2\/categories?post=91301"},{"taxonomy":"post_tag","embeddable":true,"href":"https:\/\/elinformanteperu.com\/index.php\/wp-json\/wp\/v2\/tags?post=91301"}],"curies":[{"name":"wp","href":"https:\/\/api.w.org\/{rel}","templated":true}]}}