{"id":91297,"date":"2021-01-23T00:37:58","date_gmt":"2021-01-23T05:37:58","guid":{"rendered":"https:\/\/elinformanteperu.com\/?p=91297"},"modified":"2021-01-23T00:37:58","modified_gmt":"2021-01-23T05:37:58","slug":"elecciones-2021-somos-peru-pide-postergar-votaciones-para-mayo","status":"publish","type":"post","link":"https:\/\/elinformanteperu.com\/index.php\/2021\/01\/23\/elecciones-2021-somos-peru-pide-postergar-votaciones-para-mayo\/","title":{"rendered":"Elecciones 2021: Somos Per\u00fa pide postergar votaciones para mayo"},"content":{"rendered":"<p><strong><span style=\"color: #000000;\">Por incremento de casos de covid-19<\/span><\/strong><\/p>\n<p><span style=\"color: #000000;\"><strong>Lima, 22 Enero 2021, (ANDINA).-<\/strong> El partido Somos Per\u00fa solicit\u00f3 al Gobierno presentar al Congreso un proyecto de ley para postergar las elecciones generales del 11 de abril hasta el 23 de mayo.<\/span><\/p>\n<p><span style=\"color: #000000;\">En un comunicado emitido hoy, este grupo pol\u00edtico argumenta que el incremento de casos de covid-19 debe llevar a adoptar una medida de esta \u00edndole.<\/span><\/p>\n<p><span style=\"color: #000000;\">Somos Per\u00fa consider\u00f3 que corresponder\u00e1 al Congreso debatir la propuesta lo antes posible, y as\u00ed la primera vuelta ser\u00eda el 23 de mayo y la eventual segunda ronda electoral, el 27 de junio.<\/span><\/p>\n<p><span style=\"color: #000000;\">El partido que presenta la candidatura presidencial de Daniel Salaverry precis\u00f3 que esta postergaci\u00f3n no tiene por qu\u00e9 alterar la sucesi\u00f3n del mando presidencial, prevista para el 28 de julio.<\/span><\/p>\n<p><span style=\"color: #000000;\">\u201cLa poblaci\u00f3n debe concurrir con la esperanza de un menor riesgo de contagio, y pueda cumplir su derecho al sufragio y elegir a las nuevas autoridades en un ambiente m\u00e1s controlado y de menor riesgo\u201d, indic\u00f3.<\/span><\/p>\n<p><span style=\"color: #000000;\">Por su parte, el n\u00famero 1 de la lista parlamentaria de Somos Per\u00fa, Mart\u00edn Vizcarra, lanz\u00f3 desde su cuenta de Twitter una propuesta similar para postergar los comicios.<\/span><\/p>\n","protected":false},"excerpt":{"rendered":"<p>Por incremento de casos de covid-19 Lima, 22 Enero 2021, (ANDINA).- El partido Somos Per\u00fa solicit\u00f3 al Gobierno presentar al Congreso un proyecto de ley para postergar las elecciones generales del 11 de abril hasta el 23 de mayo. En un comunicado emitido hoy, este grupo pol\u00edtico argumenta que el incremento de casos de covid-19 [&hellip;]<\/p>\n","protected":false},"author":1,"featured_media":89769,"comment_status":"open","ping_status":"open","sticky":false,"template":"","format":"standard","meta":{"rop_custom_images_group":[],"rop_custom_messages_group":[],"rop_publish_now":"initial","rop_publish_now_accounts":[],"rop_publish_now_history":[],"rop_publish_now_status":"pending","footnotes":""},"categories":[10],"tags":[5461,1536],"class_list":["post-91297","post","type-post","status-publish","format-standard","has-post-thumbnail","hentry","category-actualidad-municipal","tag-elecciones-2021","tag-somos-peru"],"_links":{"self":[{"href":"https:\/\/elinformanteperu.com\/index.php\/wp-json\/wp\/v2\/posts\/91297","targetHints":{"allow":["GET"]}}],"collection":[{"href":"https:\/\/elinformanteperu.com\/index.php\/wp-json\/wp\/v2\/posts"}],"about":[{"href":"https:\/\/elinformanteperu.com\/index.php\/wp-json\/wp\/v2\/types\/post"}],"author":[{"embeddable":true,"href":"https:\/\/elinformanteperu.com\/index.php\/wp-json\/wp\/v2\/users\/1"}],"replies":[{"embeddable":true,"href":"https:\/\/elinformanteperu.com\/index.php\/wp-json\/wp\/v2\/comments?post=91297"}],"version-history":[{"count":1,"href":"https:\/\/elinformanteperu.com\/index.php\/wp-json\/wp\/v2\/posts\/91297\/revisions"}],"predecessor-version":[{"id":91298,"href":"https:\/\/elinformanteperu.com\/index.php\/wp-json\/wp\/v2\/posts\/91297\/revisions\/91298"}],"wp:featuredmedia":[{"embeddable":true,"href":"https:\/\/elinformanteperu.com\/index.php\/wp-json\/wp\/v2\/media\/89769"}],"wp:attachment":[{"href":"https:\/\/elinformanteperu.com\/index.php\/wp-json\/wp\/v2\/media?parent=91297"}],"wp:term":[{"taxonomy":"category","embeddable":true,"href":"https:\/\/elinformanteperu.com\/index.php\/wp-json\/wp\/v2\/categories?post=91297"},{"taxonomy":"post_tag","embeddable":true,"href":"https:\/\/elinformanteperu.com\/index.php\/wp-json\/wp\/v2\/tags?post=91297"}],"curies":[{"name":"wp","href":"https:\/\/api.w.org\/{rel}","templated":true}]}}