{"id":91291,"date":"2021-01-23T00:29:59","date_gmt":"2021-01-23T05:29:59","guid":{"rendered":"https:\/\/elinformanteperu.com\/?p=91291"},"modified":"2021-01-23T00:29:59","modified_gmt":"2021-01-23T05:29:59","slug":"jnj-prorroga-por-tres-meses-suspension-de-fiscal-supremo-tomas-galvez","status":"publish","type":"post","link":"https:\/\/elinformanteperu.com\/index.php\/2021\/01\/23\/jnj-prorroga-por-tres-meses-suspension-de-fiscal-supremo-tomas-galvez\/","title":{"rendered":"JNJ prorroga por tres meses suspensi\u00f3n de fiscal supremo Tom\u00e1s G\u00e1lvez"},"content":{"rendered":"<p><strong><span style=\"color: #000000;\">Lo investigar\u00e1n por presuntos lazos con C\u00e9sar Hinostroza<\/span><\/strong><\/p>\n<p><span style=\"color: #000000;\"><strong>Lima, 22 Enero 2021, (ANDINA).-<\/strong> La Junta Nacional de Justicia (JNJ) prorrog\u00f3 por tres meses la suspensi\u00f3n preventiva de Tom\u00e1s G\u00e1lvez Villegas como fiscal supremo.<\/span><\/p>\n<p><span style=\"color: #000000;\">La medida, aprobada mediante la Resoluci\u00f3n 010-2021-JNJ, extiende hasta abril la suspensi\u00f3n en la que se encuentra inmerso el referido fiscal desde el 14 de julio del 2020.<\/span><\/p>\n<p><span style=\"color: #000000;\">G\u00e1lvez es implicado en casos en los que se habr\u00edan dado coordinaciones entre \u00e9l y el ex juez supremo C\u00e9sar Hinostroza respecto a determinados temas de \u00edndole judicial.<\/span><\/p>\n<p><span style=\"color: #000000;\">Entre los argumentos expuestos para la mencionada ampliaci\u00f3n est\u00e1 el que existen \u201cfundados elementos de convicci\u00f3n de que el investigado ha incurrido en falta disciplinaria, as\u00ed como que la investigaci\u00f3n a la que est\u00e1 sometido tiene car\u00e1cter complejo\u00bb.<\/span><\/p>\n<p><span style=\"color: #000000;\">Se \u201cjustifica en modo razonable un mayor plazo tanto de la instrucci\u00f3n como de la medida cautelar que viene ejecut\u00e1ndose\u201d, se indica.<\/span><\/p>\n<p><strong><span style=\"color: #000000;\">Casos en proceso<\/span><\/strong><\/p>\n<p><span style=\"color: #000000;\">En la resoluci\u00f3n se refiere que G\u00e1lvez habr\u00eda solicitado a Hinostroza ayudar a un rondero que fue sentenciado por tenencia ilegal de armas. Tambi\u00e9n se se\u00f1ala que el fiscal suspendido pidi\u00f3 al referido juez supremo apoyar al fiscal Walther Delgado Tovar en un proceso que este afrontaba en un juzgado de familia.<\/span><\/p>\n<p><span style=\"color: #000000;\">Otro tema en el que se implica a G\u00e1lvez es el haber atendido \u2013supuestamente a pedido de Hinostroza\u2013 al empresario Mauricio Arrieta Ojeda, quien tramitaba un recurso de casaci\u00f3n en un proceso con la Sunat. Asimismo, lo habr\u00eda contactado con el fiscal que llevaba este expediente.<\/span><\/p>\n<p><span style=\"color: #000000;\">Por \u00faltimo, se indica que G\u00e1lvez habr\u00eda vulnerado la Ley de la Carrera Fiscal en una entrevista concedida a Radio Nacional, cuando declar\u00f3 sobre una investigaci\u00f3n en curso y falt\u00f3 el respeto a sus entrevistadoras.<\/span><\/p>\n","protected":false},"excerpt":{"rendered":"<p>Lo investigar\u00e1n por presuntos lazos con C\u00e9sar Hinostroza Lima, 22 Enero 2021, (ANDINA).- La Junta Nacional de Justicia (JNJ) prorrog\u00f3 por tres meses la suspensi\u00f3n preventiva de Tom\u00e1s G\u00e1lvez Villegas como fiscal supremo. La medida, aprobada mediante la Resoluci\u00f3n 010-2021-JNJ, extiende hasta abril la suspensi\u00f3n en la que se encuentra inmerso el referido fiscal desde [&hellip;]<\/p>\n","protected":false},"author":1,"featured_media":91292,"comment_status":"open","ping_status":"open","sticky":false,"template":"","format":"standard","meta":{"rop_custom_images_group":[],"rop_custom_messages_group":[],"rop_publish_now":"initial","rop_publish_now_accounts":[],"rop_publish_now_history":[],"rop_publish_now_status":"pending","footnotes":""},"categories":[5],"tags":[3693,3573,3438],"class_list":["post-91291","post","type-post","status-publish","format-standard","has-post-thumbnail","hentry","category-actualidad-informativa","tag-jnj","tag-junta-nacional-de-justicia","tag-tomas-galvez"],"_links":{"self":[{"href":"https:\/\/elinformanteperu.com\/index.php\/wp-json\/wp\/v2\/posts\/91291","targetHints":{"allow":["GET"]}}],"collection":[{"href":"https:\/\/elinformanteperu.com\/index.php\/wp-json\/wp\/v2\/posts"}],"about":[{"href":"https:\/\/elinformanteperu.com\/index.php\/wp-json\/wp\/v2\/types\/post"}],"author":[{"embeddable":true,"href":"https:\/\/elinformanteperu.com\/index.php\/wp-json\/wp\/v2\/users\/1"}],"replies":[{"embeddable":true,"href":"https:\/\/elinformanteperu.com\/index.php\/wp-json\/wp\/v2\/comments?post=91291"}],"version-history":[{"count":1,"href":"https:\/\/elinformanteperu.com\/index.php\/wp-json\/wp\/v2\/posts\/91291\/revisions"}],"predecessor-version":[{"id":91293,"href":"https:\/\/elinformanteperu.com\/index.php\/wp-json\/wp\/v2\/posts\/91291\/revisions\/91293"}],"wp:featuredmedia":[{"embeddable":true,"href":"https:\/\/elinformanteperu.com\/index.php\/wp-json\/wp\/v2\/media\/91292"}],"wp:attachment":[{"href":"https:\/\/elinformanteperu.com\/index.php\/wp-json\/wp\/v2\/media?parent=91291"}],"wp:term":[{"taxonomy":"category","embeddable":true,"href":"https:\/\/elinformanteperu.com\/index.php\/wp-json\/wp\/v2\/categories?post=91291"},{"taxonomy":"post_tag","embeddable":true,"href":"https:\/\/elinformanteperu.com\/index.php\/wp-json\/wp\/v2\/tags?post=91291"}],"curies":[{"name":"wp","href":"https:\/\/api.w.org\/{rel}","templated":true}]}}