{"id":91288,"date":"2021-01-23T00:22:21","date_gmt":"2021-01-23T05:22:21","guid":{"rendered":"https:\/\/elinformanteperu.com\/?p=91288"},"modified":"2021-01-23T00:22:46","modified_gmt":"2021-01-23T05:22:46","slug":"elecciones-2021-julio-guzman-informa-que-contrajo-covid-19","status":"publish","type":"post","link":"https:\/\/elinformanteperu.com\/index.php\/2021\/01\/23\/elecciones-2021-julio-guzman-informa-que-contrajo-covid-19\/","title":{"rendered":"Elecciones 2021: Julio Guzm\u00e1n informa que contrajo covid-19"},"content":{"rendered":"<p><span style=\"color: #000000;\"><strong>Lima, 22 Enero 2021, (ANDINA).-<\/strong> El candidato presidencial del Partido Morado, Julio Guzm\u00e1n, inform\u00f3 que contrajo el covid-19.<\/span><\/p>\n<p><span style=\"color: #000000;\">\u00abMe contagi\u00e9, recientemente, en mi casa. Pese a que cumplimos con todos los protocolos, el virus lleg\u00f3\u00bb, indic\u00f3 mediante un comunicado difundido en su cuenta en Twitter.<\/span><\/p>\n<p><span style=\"color: #000000;\">\u00abEste virus no distingue, uno se contagia hasta de las personas que uno m\u00e1s quiere y por ello tenemos que ser a\u00fan m\u00e1s cautelosos\u00bb, se\u00f1al\u00f3 el candidato presidencial.<\/span><\/p>\n<p><span style=\"color: #000000;\">Seg\u00fan refiri\u00f3, hace una semana decidi\u00f3 desistir de sus actividades presenciales y desde hoy est\u00e1 cancelando cualquier otra actividad de campa\u00f1a, debate o entrevista.<\/span><\/p>\n<p><span style=\"color: #000000;\">Mencion\u00f3 que el contagio de covid-19 debe informarse y, ante la m\u00ednima alerta, corresponde cuidarse y cuidar de los dem\u00e1s.<\/span><\/p>\n<p><span style=\"color: #000000;\">\u00abNo hemos hecho campa\u00f1a presencial e incluso as\u00ed nos contagiamos, por lo que les pido a los otros candidatos que piensen seriamente en la poblaci\u00f3n: estamos frente a una enfermedad que nos est\u00e1 quitando seres queridos y los discursos de cuidado deben empezar por dar el ejemplo\u00bb, a\u00f1adi\u00f3.<\/span><\/p>\n<p><span style=\"color: #000000;\">Guzm\u00e1n record\u00f3 que el covid-19 es una enfermedad altamente contagiosa, que demanda mucho cuidado.<\/span><\/p>\n<blockquote class=\"twitter-tweet\">\n<p dir=\"ltr\" lang=\"und\"><a href=\"https:\/\/t.co\/HyWZJUENnO\">pic.twitter.com\/HyWZJUENnO<\/a><\/p>\n<p>\u2014 Julio Guzm\u00e1n (@julioguzmanperu) <a href=\"https:\/\/twitter.com\/julioguzmanperu\/status\/1352714815245078528?ref_src=twsrc%5Etfw\">January 22, 2021<\/a><\/p><\/blockquote>\n<p><script async src=\"https:\/\/platform.twitter.com\/widgets.js\" charset=\"utf-8\"><\/script><\/p>\n","protected":false},"excerpt":{"rendered":"<p>Lima, 22 Enero 2021, (ANDINA).- El candidato presidencial del Partido Morado, Julio Guzm\u00e1n, inform\u00f3 que contrajo el covid-19. \u00abMe contagi\u00e9, recientemente, en mi casa. Pese a que cumplimos con todos los protocolos, el virus lleg\u00f3\u00bb, indic\u00f3 mediante un comunicado difundido en su cuenta en Twitter. \u00abEste virus no distingue, uno se contagia hasta de las [&hellip;]<\/p>\n","protected":false},"author":1,"featured_media":86664,"comment_status":"open","ping_status":"open","sticky":false,"template":"","format":"standard","meta":{"rop_custom_images_group":[],"rop_custom_messages_group":[],"rop_publish_now":"initial","rop_publish_now_accounts":[],"rop_publish_now_history":[],"rop_publish_now_status":"pending","footnotes":""},"categories":[5,5745],"tags":[6322,5461,851,4256],"class_list":["post-91288","post","type-post","status-publish","format-standard","has-post-thumbnail","hentry","category-actualidad-informativa","category-lo-ultimo","tag-covid-segunda-ola","tag-elecciones-2021","tag-julio-guzman","tag-partido-morado"],"_links":{"self":[{"href":"https:\/\/elinformanteperu.com\/index.php\/wp-json\/wp\/v2\/posts\/91288","targetHints":{"allow":["GET"]}}],"collection":[{"href":"https:\/\/elinformanteperu.com\/index.php\/wp-json\/wp\/v2\/posts"}],"about":[{"href":"https:\/\/elinformanteperu.com\/index.php\/wp-json\/wp\/v2\/types\/post"}],"author":[{"embeddable":true,"href":"https:\/\/elinformanteperu.com\/index.php\/wp-json\/wp\/v2\/users\/1"}],"replies":[{"embeddable":true,"href":"https:\/\/elinformanteperu.com\/index.php\/wp-json\/wp\/v2\/comments?post=91288"}],"version-history":[{"count":2,"href":"https:\/\/elinformanteperu.com\/index.php\/wp-json\/wp\/v2\/posts\/91288\/revisions"}],"predecessor-version":[{"id":91290,"href":"https:\/\/elinformanteperu.com\/index.php\/wp-json\/wp\/v2\/posts\/91288\/revisions\/91290"}],"wp:featuredmedia":[{"embeddable":true,"href":"https:\/\/elinformanteperu.com\/index.php\/wp-json\/wp\/v2\/media\/86664"}],"wp:attachment":[{"href":"https:\/\/elinformanteperu.com\/index.php\/wp-json\/wp\/v2\/media?parent=91288"}],"wp:term":[{"taxonomy":"category","embeddable":true,"href":"https:\/\/elinformanteperu.com\/index.php\/wp-json\/wp\/v2\/categories?post=91288"},{"taxonomy":"post_tag","embeddable":true,"href":"https:\/\/elinformanteperu.com\/index.php\/wp-json\/wp\/v2\/tags?post=91288"}],"curies":[{"name":"wp","href":"https:\/\/api.w.org\/{rel}","templated":true}]}}