{"id":91281,"date":"2021-01-23T00:01:58","date_gmt":"2021-01-23T05:01:58","guid":{"rendered":"https:\/\/elinformanteperu.com\/?p=91281"},"modified":"2021-01-23T00:01:58","modified_gmt":"2021-01-23T05:01:58","slug":"elecciones-2021-veronika-mendoza-propone-paquete-de-inversion-publica","status":"publish","type":"post","link":"https:\/\/elinformanteperu.com\/index.php\/2021\/01\/23\/elecciones-2021-veronika-mendoza-propone-paquete-de-inversion-publica\/","title":{"rendered":"Elecciones 2021: Ver\u00f3nika Mendoza propone paquete de inversi\u00f3n p\u00fablica"},"content":{"rendered":"<p><strong><span style=\"color: #000000;\">Para reactivar la econom\u00eda<\/span><\/strong><\/p>\n<p><span style=\"color: #000000;\"><strong>Lima, 22 Enero 2021, (ANDINA).-<\/strong> La candidata presidencial por Juntos por el Per\u00fa, Ver\u00f3nika Mendoza, propuso la asignaci\u00f3n de 15,000 millones de soles adicionales al presupuesto p\u00fablico para reactivar el sector de la construcci\u00f3n y generar 150,000 puestos de trabajo en el primer a\u00f1o de gobierno.<\/span><\/p>\n<p><span style=\"color: #000000;\">Mendoza consider\u00f3 que la construcci\u00f3n es un sector estrat\u00e9gico para la reactivaci\u00f3n econ\u00f3mica y que se puede implementar un programa de empleo masivo y temporal, de r\u00e1pida ejecuci\u00f3n, que posibilite contar con infraestructura sanitaria en las instituciones educativas.<\/span><\/p>\n<p><span style=\"color: #000000;\">\u00abNo podemos seguir con las mismas recetas econ\u00f3micas que nos han llevado al colapso. En situaciones en que la inversi\u00f3n privada se contrae, el Estado tiene que impulsar y dinamizar la econom\u00eda\u00bb, se\u00f1al\u00f3.<\/span><\/p>\n<p><span style=\"color: #000000;\">Asimismo, plante\u00f3 la necesidad de fortalecer la funci\u00f3n fiscalizadora del Ministerio de Trabajo a trav\u00e9s de la Superintendencia Nacional de Fiscalizaci\u00f3n Laboral (Sunafil), instancia que debe garantizar que se cumplan los protocolos sanitarios en coordinaci\u00f3n con los comit\u00e9s de salud en el trabajo.<\/span><\/p>\n<p><span style=\"color: #000000;\">Mendoza Frisch expuso estas propuestas en el marco de las celebraciones por el 81 aniversario del Sindicato de Construcci\u00f3n Civil de Lima, en que adem\u00e1s enfatiz\u00f3 que nada puede ser pretexto para desconocer o avasallar los derechos de los trabajadores, que son los que m\u00e1s han padecido en tiempos de pandemia del covid-19 en el pa\u00eds.<\/span><\/p>\n<p><span style=\"color: #000000;\">La aspirante por Juntos por el Per\u00fa se encuentra en la ciudad de Ayacucho, donde ma\u00f1ana se reunir\u00e1 con los candidatos y candidatas de esta agrupaci\u00f3n en Huamanga y luego con representantes de las organizaciones sociales, siempre con los cuidados de aforo y protocolos contra la pandemia.<\/span><\/p>\n<p><span style=\"color: #000000;\">Por la tarde, se trasladar\u00e1 a la ciudad de Huanta a fin de dialogar con los dirigentes locales. Todas estas actividades se celebrar\u00e1n bajo estrictas medidas sanitarias.<\/span><\/p>\n","protected":false},"excerpt":{"rendered":"<p>Para reactivar la econom\u00eda Lima, 22 Enero 2021, (ANDINA).- La candidata presidencial por Juntos por el Per\u00fa, Ver\u00f3nika Mendoza, propuso la asignaci\u00f3n de 15,000 millones de soles adicionales al presupuesto p\u00fablico para reactivar el sector de la construcci\u00f3n y generar 150,000 puestos de trabajo en el primer a\u00f1o de gobierno. Mendoza consider\u00f3 que la construcci\u00f3n [&hellip;]<\/p>\n","protected":false},"author":1,"featured_media":91282,"comment_status":"open","ping_status":"open","sticky":false,"template":"","format":"standard","meta":{"rop_custom_images_group":[],"rop_custom_messages_group":[],"rop_publish_now":"initial","rop_publish_now_accounts":[],"rop_publish_now_history":[],"rop_publish_now_status":"pending","footnotes":""},"categories":[5],"tags":[5461,1619,442],"class_list":["post-91281","post","type-post","status-publish","format-standard","has-post-thumbnail","hentry","category-actualidad-informativa","tag-elecciones-2021","tag-juntos-por-el-peru","tag-veronika-mendoza"],"_links":{"self":[{"href":"https:\/\/elinformanteperu.com\/index.php\/wp-json\/wp\/v2\/posts\/91281","targetHints":{"allow":["GET"]}}],"collection":[{"href":"https:\/\/elinformanteperu.com\/index.php\/wp-json\/wp\/v2\/posts"}],"about":[{"href":"https:\/\/elinformanteperu.com\/index.php\/wp-json\/wp\/v2\/types\/post"}],"author":[{"embeddable":true,"href":"https:\/\/elinformanteperu.com\/index.php\/wp-json\/wp\/v2\/users\/1"}],"replies":[{"embeddable":true,"href":"https:\/\/elinformanteperu.com\/index.php\/wp-json\/wp\/v2\/comments?post=91281"}],"version-history":[{"count":1,"href":"https:\/\/elinformanteperu.com\/index.php\/wp-json\/wp\/v2\/posts\/91281\/revisions"}],"predecessor-version":[{"id":91283,"href":"https:\/\/elinformanteperu.com\/index.php\/wp-json\/wp\/v2\/posts\/91281\/revisions\/91283"}],"wp:featuredmedia":[{"embeddable":true,"href":"https:\/\/elinformanteperu.com\/index.php\/wp-json\/wp\/v2\/media\/91282"}],"wp:attachment":[{"href":"https:\/\/elinformanteperu.com\/index.php\/wp-json\/wp\/v2\/media?parent=91281"}],"wp:term":[{"taxonomy":"category","embeddable":true,"href":"https:\/\/elinformanteperu.com\/index.php\/wp-json\/wp\/v2\/categories?post=91281"},{"taxonomy":"post_tag","embeddable":true,"href":"https:\/\/elinformanteperu.com\/index.php\/wp-json\/wp\/v2\/tags?post=91281"}],"curies":[{"name":"wp","href":"https:\/\/api.w.org\/{rel}","templated":true}]}}