{"id":91279,"date":"2021-01-23T00:00:01","date_gmt":"2021-01-23T05:00:01","guid":{"rendered":"https:\/\/elinformanteperu.com\/?p=91279"},"modified":"2021-01-23T00:00:01","modified_gmt":"2021-01-23T05:00:01","slug":"exjuez-cesar-hinostroza-brindo-sus-descargos-ante-comision-permanente","status":"publish","type":"post","link":"https:\/\/elinformanteperu.com\/index.php\/2021\/01\/23\/exjuez-cesar-hinostroza-brindo-sus-descargos-ante-comision-permanente\/","title":{"rendered":"Exjuez C\u00e9sar Hinostroza brind\u00f3 sus descargos ante Comisi\u00f3n Permanente"},"content":{"rendered":"<p><span style=\"color: #000000;\"><strong>Lima, 22 Enero 2021, (ANDINA).-<\/strong> La Comisi\u00f3n Permanente del Congreso escuch\u00f3 los descargos del ex juez supremo C\u00e9sar Hinostroza, quien fug\u00f3 a Espa\u00f1a luego de que se difundieran los CNM Audios y responde a la denuncia constitucional en su contra por liderar la organizaci\u00f3n criminal los Cuellos Blancos del Puerto y por patrocinio ilegal.<\/span><\/p>\n<p><span style=\"color: #000000;\">La intervenci\u00f3n de Hinostroza se efect\u00faa de manera virtual desde Madrid, Espa\u00f1a, donde se encuentra desde octubre del 2018.<\/span><\/p>\n<p><span style=\"color: #000000;\">Durante su alocuci\u00f3n, Hinostroza se\u00f1al\u00f3 que no se ha respetado el debido proceso en su caso en el Congreso.<\/span><\/p>\n<p><span style=\"color: #000000;\">\u00abSe me ha negado el derecho a la prueba, eso no se puede tolerar. El derecho a la defensa es sagrado\u00bb, expres\u00f3.<\/span><\/p>\n<p><span style=\"color: #000000;\">Adem\u00e1s, dijo que est\u00e1 siendo doblemente procesado por los mismos hechos y record\u00f3 que el Congreso disuelto lo absolvi\u00f3 de muchos cargos que se le imputaban.<\/span><\/p>\n<p><span style=\"color: #000000;\">Reiter\u00f3 que el informe final en su contra, presentado ante la Permanente, est\u00e1 \u00abplagado de vicios constitucionales\u00bb, por lo que pidi\u00f3 que se mande al archivo o regrese a la Subcomisi\u00f3n de Acusaciones para subsanar las observaciones que, seg\u00fan \u00e9l, identific\u00f3.<\/span><\/p>\n<p><span style=\"color: #000000;\">\u00abNo se puede votar ese informe. Mi intenci\u00f3n es que se archive (&#8230;) por doble persecuci\u00f3n. (&#8230;) Errar es humano, perdonar es divino, pero rectificar es de sabios\u00bb, expres\u00f3.<\/span><\/p>\n<p><span style=\"color: #000000;\">En julio del a\u00f1o pasado, el Consejo de Ministros de Espa\u00f1a aprob\u00f3 la extradici\u00f3n de Hinostroza Pariachi.<\/span><\/p>\n<p><span style=\"color: #000000;\">Hinostroza Pariachi es investigado por los delitos de patrocinio ilegal, tr\u00e1fico de influencias y negociaci\u00f3n incompatible, y llegar\u00eda al Per\u00fa en un lapso de dos a seis meses.<\/span><\/p>\n<p><span style=\"color: #000000;\">Los delitos aprobados para esta extradici\u00f3n son tr\u00e1fico de influencias, negociaci\u00f3n incompatible y patrocinio ilegal, m\u00e1s no el de organizaci\u00f3n criminal, seg\u00fan inform\u00f3 Am\u00e9rica Noticias.<\/span><\/p>\n","protected":false},"excerpt":{"rendered":"<p>Lima, 22 Enero 2021, (ANDINA).- La Comisi\u00f3n Permanente del Congreso escuch\u00f3 los descargos del ex juez supremo C\u00e9sar Hinostroza, quien fug\u00f3 a Espa\u00f1a luego de que se difundieran los CNM Audios y responde a la denuncia constitucional en su contra por liderar la organizaci\u00f3n criminal los Cuellos Blancos del Puerto y por patrocinio ilegal. La [&hellip;]<\/p>\n","protected":false},"author":1,"featured_media":57088,"comment_status":"open","ping_status":"open","sticky":false,"template":"","format":"standard","meta":{"rop_custom_images_group":[],"rop_custom_messages_group":[],"rop_publish_now":"initial","rop_publish_now_accounts":[],"rop_publish_now_history":[],"rop_publish_now_status":"pending","footnotes":""},"categories":[5],"tags":[3376,192,3490],"class_list":["post-91279","post","type-post","status-publish","format-standard","has-post-thumbnail","hentry","category-actualidad-informativa","tag-cesar-hinostroza","tag-congreso","tag-los-cuellos-blancos-del-puerto"],"_links":{"self":[{"href":"https:\/\/elinformanteperu.com\/index.php\/wp-json\/wp\/v2\/posts\/91279","targetHints":{"allow":["GET"]}}],"collection":[{"href":"https:\/\/elinformanteperu.com\/index.php\/wp-json\/wp\/v2\/posts"}],"about":[{"href":"https:\/\/elinformanteperu.com\/index.php\/wp-json\/wp\/v2\/types\/post"}],"author":[{"embeddable":true,"href":"https:\/\/elinformanteperu.com\/index.php\/wp-json\/wp\/v2\/users\/1"}],"replies":[{"embeddable":true,"href":"https:\/\/elinformanteperu.com\/index.php\/wp-json\/wp\/v2\/comments?post=91279"}],"version-history":[{"count":1,"href":"https:\/\/elinformanteperu.com\/index.php\/wp-json\/wp\/v2\/posts\/91279\/revisions"}],"predecessor-version":[{"id":91280,"href":"https:\/\/elinformanteperu.com\/index.php\/wp-json\/wp\/v2\/posts\/91279\/revisions\/91280"}],"wp:featuredmedia":[{"embeddable":true,"href":"https:\/\/elinformanteperu.com\/index.php\/wp-json\/wp\/v2\/media\/57088"}],"wp:attachment":[{"href":"https:\/\/elinformanteperu.com\/index.php\/wp-json\/wp\/v2\/media?parent=91279"}],"wp:term":[{"taxonomy":"category","embeddable":true,"href":"https:\/\/elinformanteperu.com\/index.php\/wp-json\/wp\/v2\/categories?post=91279"},{"taxonomy":"post_tag","embeddable":true,"href":"https:\/\/elinformanteperu.com\/index.php\/wp-json\/wp\/v2\/tags?post=91279"}],"curies":[{"name":"wp","href":"https:\/\/api.w.org\/{rel}","templated":true}]}}