{"id":91277,"date":"2021-01-22T23:57:36","date_gmt":"2021-01-23T04:57:36","guid":{"rendered":"https:\/\/elinformanteperu.com\/?p=91277"},"modified":"2021-01-22T23:57:36","modified_gmt":"2021-01-23T04:57:36","slug":"congreso-comision-permanente-declaro-procedente-denuncia-contra-edgar-alarcon","status":"publish","type":"post","link":"https:\/\/elinformanteperu.com\/index.php\/2021\/01\/22\/congreso-comision-permanente-declaro-procedente-denuncia-contra-edgar-alarcon\/","title":{"rendered":"Congreso: Comisi\u00f3n Permanente declar\u00f3 procedente denuncia contra Edgar Alarc\u00f3n"},"content":{"rendered":"<p><strong><span style=\"color: #000000;\">En 15 d\u00edas, Subcomisi\u00f3n de Acusaciones Constitucionales deber\u00e1 presentar informe final sobre el caso<\/span><\/strong><\/p>\n<p><span style=\"color: #000000;\"><strong>Lima, 22 Enero 2021, (ANDINA).-<\/strong> La Comisi\u00f3n Permanente del Congreso declar\u00f3 procedente la denuncia presentada por la fiscal de la Naci\u00f3n, Zoraida \u00c1valos, contra el congresista Edgar Alarc\u00f3n por el presunto delito de cohecho pasivo propio.<\/span><\/p>\n<p><span style=\"color: #000000;\">As\u00ed, se otorgaron 15 d\u00edas h\u00e1biles a la Subcomisi\u00f3n de Acusaciones Constitucionales para elaborar el informe final sobre la acusaci\u00f3n constitucional contra Alarc\u00f3n.<\/span><\/p>\n<p><span style=\"color: #000000;\">La denuncia interpuesta por la fiscal de la Naci\u00f3n tambi\u00e9n alcanza a los excongresistas Javier Vel\u00e1squez Quesqu\u00e9n y Jos\u00e9 Marvin Palma Mendoza, por la presunta comisi\u00f3n del delito de tr\u00e1fico de influencias agravado.<\/span><\/p>\n<p><span style=\"color: #000000;\">De acuerdo con la denuncia del Ministerio P\u00fablico, Alarc\u00f3n habr\u00eda aceptado o recibido un beneficio econ\u00f3mico de aproximadamente S\/ 30,000 de parte del exalcalde de Chiclayo David Cornejo Chinguel, a cambio de levantar el congelamiento de cuentas del municipio, pese a que ello no correspond\u00eda.<\/span><\/p>\n<p><span style=\"color: #000000;\">En este acto habr\u00edan intervenido los exlegisladores Javier Vel\u00e1squez y Marvin Palma, que tambi\u00e9n estar\u00edan incluidos por supuesto tr\u00e1fico de influencias, seg\u00fan la fiscal\u00eda.<\/span><\/p>\n","protected":false},"excerpt":{"rendered":"<p>En 15 d\u00edas, Subcomisi\u00f3n de Acusaciones Constitucionales deber\u00e1 presentar informe final sobre el caso Lima, 22 Enero 2021, (ANDINA).- La Comisi\u00f3n Permanente del Congreso declar\u00f3 procedente la denuncia presentada por la fiscal de la Naci\u00f3n, Zoraida \u00c1valos, contra el congresista Edgar Alarc\u00f3n por el presunto delito de cohecho pasivo propio. As\u00ed, se otorgaron 15 d\u00edas [&hellip;]<\/p>\n","protected":false},"author":1,"featured_media":85950,"comment_status":"open","ping_status":"open","sticky":false,"template":"","format":"standard","meta":{"rop_custom_images_group":[],"rop_custom_messages_group":[],"rop_publish_now":"initial","rop_publish_now_accounts":[],"rop_publish_now_history":[],"rop_publish_now_status":"pending","footnotes":""},"categories":[5],"tags":[192,855],"class_list":["post-91277","post","type-post","status-publish","format-standard","has-post-thumbnail","hentry","category-actualidad-informativa","tag-congreso","tag-edgar-alarcon"],"_links":{"self":[{"href":"https:\/\/elinformanteperu.com\/index.php\/wp-json\/wp\/v2\/posts\/91277","targetHints":{"allow":["GET"]}}],"collection":[{"href":"https:\/\/elinformanteperu.com\/index.php\/wp-json\/wp\/v2\/posts"}],"about":[{"href":"https:\/\/elinformanteperu.com\/index.php\/wp-json\/wp\/v2\/types\/post"}],"author":[{"embeddable":true,"href":"https:\/\/elinformanteperu.com\/index.php\/wp-json\/wp\/v2\/users\/1"}],"replies":[{"embeddable":true,"href":"https:\/\/elinformanteperu.com\/index.php\/wp-json\/wp\/v2\/comments?post=91277"}],"version-history":[{"count":1,"href":"https:\/\/elinformanteperu.com\/index.php\/wp-json\/wp\/v2\/posts\/91277\/revisions"}],"predecessor-version":[{"id":91278,"href":"https:\/\/elinformanteperu.com\/index.php\/wp-json\/wp\/v2\/posts\/91277\/revisions\/91278"}],"wp:featuredmedia":[{"embeddable":true,"href":"https:\/\/elinformanteperu.com\/index.php\/wp-json\/wp\/v2\/media\/85950"}],"wp:attachment":[{"href":"https:\/\/elinformanteperu.com\/index.php\/wp-json\/wp\/v2\/media?parent=91277"}],"wp:term":[{"taxonomy":"category","embeddable":true,"href":"https:\/\/elinformanteperu.com\/index.php\/wp-json\/wp\/v2\/categories?post=91277"},{"taxonomy":"post_tag","embeddable":true,"href":"https:\/\/elinformanteperu.com\/index.php\/wp-json\/wp\/v2\/tags?post=91277"}],"curies":[{"name":"wp","href":"https:\/\/api.w.org\/{rel}","templated":true}]}}