{"id":91275,"date":"2021-01-22T23:53:35","date_gmt":"2021-01-23T04:53:35","guid":{"rendered":"https:\/\/elinformanteperu.com\/?p=91275"},"modified":"2021-01-22T23:53:35","modified_gmt":"2021-01-23T04:53:35","slug":"congreso-comision-permanente-declaro-procedente-denuncia-contra-martin-vizcarra","status":"publish","type":"post","link":"https:\/\/elinformanteperu.com\/index.php\/2021\/01\/22\/congreso-comision-permanente-declaro-procedente-denuncia-contra-martin-vizcarra\/","title":{"rendered":"Congreso: Comisi\u00f3n Permanente declar\u00f3 procedente denuncia contra Mart\u00edn Vizcarra"},"content":{"rendered":"<p><strong><span style=\"color: #000000;\">Otorga plazo de 15 d\u00edas para que subcomisi\u00f3n investigue y presente informe final de denuncia constitucional<\/span><\/strong><\/p>\n<p><span style=\"color: #000000;\"><strong>Lima, 22 Enero 2021, (ANDINA).-<\/strong> La Comisi\u00f3n Permanente del Congreso aprob\u00f3 declarar procedente la denuncia interpuesta por la excongresista Yeni Vilcatoma en contra de Mart\u00edn Vizcarra en su condici\u00f3n de exministro de Transportes y Comunicaciones (MTC).<\/span><\/p>\n<p><span style=\"color: #000000;\">El grupo parlamentario otorg\u00f3 15 d\u00edas h\u00e1biles a la Subcomisi\u00f3n de Acusaciones Constitucionales para investigar y elaborar informe final.<\/span><\/p>\n<p><span style=\"color: #000000;\">La acusaci\u00f3n contra Vizcarra es por infracci\u00f3n a la Constituci\u00f3n, en su art\u00edculo 126.<\/span><\/p>\n<p><span style=\"color: #000000;\">De acuerdo a la denuncia y su ampliatoria, se atribuye a Vizcarra Cornejo que, en su condici\u00f3n de extitular del MTC, mantuvo supuestamente v\u00ednculo societario con su empresa C y M Vizcarra S.A.C. en condici\u00f3n de gerente de operaciones y vicepresidente del directorio.<\/span><\/p>\n<p><span style=\"color: #000000;\">De la misma manera, se le acusa de presuntamente haber favorecido los intereses de la empresa Obrainsa, no obstante, la empresa C y M Vizcarra S.A.C. form\u00f3 parte del Consorcio Colca junto con la empresa Obrainsa, por lo que infringieron en ambos casos el texto legal del art\u00edculo 126 de la Constituci\u00f3n.<\/span><\/p>\n<p><span style=\"color: #000000;\">Asimismo, la Comisi\u00f3n Permanente otorg\u00f3 15 d\u00edas h\u00e1biles a la Subcomisi\u00f3n para investigar y presentar informe de la denuncia constitucional contra el exministro de Educaci\u00f3n Daniel Alfaro, por la presunta comisi\u00f3n del delito de omisi\u00f3n, reh\u00faso o demora de actos funcionales.<\/span><\/p>\n<p><span style=\"color: #000000;\">De esta manera, la Permanente aprob\u00f3 declarar procedente continuar con la acusaci\u00f3n interpuesta contra Alfaro.<\/span><\/p>\n<p><span style=\"color: #000000;\">La comisi\u00f3n tambi\u00e9n declar\u00f3 procedente la denuncia constitucional formulada por Pedro Ch\u00e1varry Vallejos en contra del exministro de Transportes y Comunicaciones Bruno Giuffra, por la presunta comisi\u00f3n de cohecho activo gen\u00e9rico y tr\u00e1fico de influencias.<\/span><\/p>\n","protected":false},"excerpt":{"rendered":"<p>Otorga plazo de 15 d\u00edas para que subcomisi\u00f3n investigue y presente informe final de denuncia constitucional Lima, 22 Enero 2021, (ANDINA).- La Comisi\u00f3n Permanente del Congreso aprob\u00f3 declarar procedente la denuncia interpuesta por la excongresista Yeni Vilcatoma en contra de Mart\u00edn Vizcarra en su condici\u00f3n de exministro de Transportes y Comunicaciones (MTC). El grupo parlamentario [&hellip;]<\/p>\n","protected":false},"author":1,"featured_media":89559,"comment_status":"open","ping_status":"open","sticky":false,"template":"","format":"standard","meta":{"rop_custom_images_group":[],"rop_custom_messages_group":[],"rop_publish_now":"initial","rop_publish_now_accounts":[],"rop_publish_now_history":[],"rop_publish_now_status":"pending","footnotes":""},"categories":[5],"tags":[192,289],"class_list":["post-91275","post","type-post","status-publish","format-standard","has-post-thumbnail","hentry","category-actualidad-informativa","tag-congreso","tag-martin-vizcarra"],"_links":{"self":[{"href":"https:\/\/elinformanteperu.com\/index.php\/wp-json\/wp\/v2\/posts\/91275","targetHints":{"allow":["GET"]}}],"collection":[{"href":"https:\/\/elinformanteperu.com\/index.php\/wp-json\/wp\/v2\/posts"}],"about":[{"href":"https:\/\/elinformanteperu.com\/index.php\/wp-json\/wp\/v2\/types\/post"}],"author":[{"embeddable":true,"href":"https:\/\/elinformanteperu.com\/index.php\/wp-json\/wp\/v2\/users\/1"}],"replies":[{"embeddable":true,"href":"https:\/\/elinformanteperu.com\/index.php\/wp-json\/wp\/v2\/comments?post=91275"}],"version-history":[{"count":1,"href":"https:\/\/elinformanteperu.com\/index.php\/wp-json\/wp\/v2\/posts\/91275\/revisions"}],"predecessor-version":[{"id":91276,"href":"https:\/\/elinformanteperu.com\/index.php\/wp-json\/wp\/v2\/posts\/91275\/revisions\/91276"}],"wp:featuredmedia":[{"embeddable":true,"href":"https:\/\/elinformanteperu.com\/index.php\/wp-json\/wp\/v2\/media\/89559"}],"wp:attachment":[{"href":"https:\/\/elinformanteperu.com\/index.php\/wp-json\/wp\/v2\/media?parent=91275"}],"wp:term":[{"taxonomy":"category","embeddable":true,"href":"https:\/\/elinformanteperu.com\/index.php\/wp-json\/wp\/v2\/categories?post=91275"},{"taxonomy":"post_tag","embeddable":true,"href":"https:\/\/elinformanteperu.com\/index.php\/wp-json\/wp\/v2\/tags?post=91275"}],"curies":[{"name":"wp","href":"https:\/\/api.w.org\/{rel}","templated":true}]}}