{"id":91217,"date":"2021-01-22T00:29:06","date_gmt":"2021-01-22T05:29:06","guid":{"rendered":"https:\/\/elinformanteperu.com\/?p=91217"},"modified":"2021-01-22T00:29:06","modified_gmt":"2021-01-22T05:29:06","slug":"despacho-presidencial-rechaza-haber-solicitado-contrataciones-y-adquisiciones-indebidas","status":"publish","type":"post","link":"https:\/\/elinformanteperu.com\/index.php\/2021\/01\/22\/despacho-presidencial-rechaza-haber-solicitado-contrataciones-y-adquisiciones-indebidas\/","title":{"rendered":"Despacho Presidencial rechaza haber solicitado contrataciones y adquisiciones indebidas"},"content":{"rendered":"<p><span style=\"color: #000000;\"><strong>Lima, 21 Enero 2021, (ANDINA).-<\/strong> La Secretar\u00eda General del Despacho Presidencial descart\u00f3 y rechaz\u00f3 categ\u00f3ricamente que la presente gesti\u00f3n haya solicitado contrataciones y adquisiciones indebidas.<\/span><\/p>\n<p><span style=\"color: #000000;\">En un comunicado, precis\u00f3 que el 17 de noviembre del 2020, antes de que asumiera el cargo el presidente Francisco Sagasti, la oficina de Recursos Humanos del Despacho Presidencial solicit\u00f3 la adquisici\u00f3n de art\u00edculos de pasteler\u00eda.<\/span><\/p>\n<p><span style=\"color: #000000;\">Ello, a favor de los trabajadores, hijos del personal comprendidos, entre 0 y 12 a\u00f1os, del Despacho Presidencial, y de los practicantes y miembros de las FF.AA. y PNP destacados en Palacio de Gobierno.<\/span><\/p>\n<p><span style=\"color: #000000;\">La funcionaria responsable de este proceso, que viene del gobierno anterior, no inform\u00f3 a la actual gesti\u00f3n sobre la referida compra, subray\u00f3.<\/span><\/p>\n<p><span style=\"color: #000000;\">Por otro lado, el Despacho Presidencial indic\u00f3 que otorga anualmente uniformes institucionales a los trabajadores de los reg\u00edmenes laborales de decretos legislativos 728 y 276, en cumplimiento de un laudo arbitral de diciembre de 2012.<\/span><\/p>\n","protected":false},"excerpt":{"rendered":"<p>Lima, 21 Enero 2021, (ANDINA).- La Secretar\u00eda General del Despacho Presidencial descart\u00f3 y rechaz\u00f3 categ\u00f3ricamente que la presente gesti\u00f3n haya solicitado contrataciones y adquisiciones indebidas. En un comunicado, precis\u00f3 que el 17 de noviembre del 2020, antes de que asumiera el cargo el presidente Francisco Sagasti, la oficina de Recursos Humanos del Despacho Presidencial solicit\u00f3 [&hellip;]<\/p>\n","protected":false},"author":1,"featured_media":57994,"comment_status":"open","ping_status":"open","sticky":false,"template":"","format":"standard","meta":{"rop_custom_images_group":[],"rop_custom_messages_group":[],"rop_publish_now":"initial","rop_publish_now_accounts":[],"rop_publish_now_history":[],"rop_publish_now_status":"pending","footnotes":""},"categories":[5],"tags":[5263,1421],"class_list":["post-91217","post","type-post","status-publish","format-standard","has-post-thumbnail","hentry","category-actualidad-informativa","tag-francisco-sagasti","tag-poder-ejecutivo"],"_links":{"self":[{"href":"https:\/\/elinformanteperu.com\/index.php\/wp-json\/wp\/v2\/posts\/91217","targetHints":{"allow":["GET"]}}],"collection":[{"href":"https:\/\/elinformanteperu.com\/index.php\/wp-json\/wp\/v2\/posts"}],"about":[{"href":"https:\/\/elinformanteperu.com\/index.php\/wp-json\/wp\/v2\/types\/post"}],"author":[{"embeddable":true,"href":"https:\/\/elinformanteperu.com\/index.php\/wp-json\/wp\/v2\/users\/1"}],"replies":[{"embeddable":true,"href":"https:\/\/elinformanteperu.com\/index.php\/wp-json\/wp\/v2\/comments?post=91217"}],"version-history":[{"count":1,"href":"https:\/\/elinformanteperu.com\/index.php\/wp-json\/wp\/v2\/posts\/91217\/revisions"}],"predecessor-version":[{"id":91218,"href":"https:\/\/elinformanteperu.com\/index.php\/wp-json\/wp\/v2\/posts\/91217\/revisions\/91218"}],"wp:featuredmedia":[{"embeddable":true,"href":"https:\/\/elinformanteperu.com\/index.php\/wp-json\/wp\/v2\/media\/57994"}],"wp:attachment":[{"href":"https:\/\/elinformanteperu.com\/index.php\/wp-json\/wp\/v2\/media?parent=91217"}],"wp:term":[{"taxonomy":"category","embeddable":true,"href":"https:\/\/elinformanteperu.com\/index.php\/wp-json\/wp\/v2\/categories?post=91217"},{"taxonomy":"post_tag","embeddable":true,"href":"https:\/\/elinformanteperu.com\/index.php\/wp-json\/wp\/v2\/tags?post=91217"}],"curies":[{"name":"wp","href":"https:\/\/api.w.org\/{rel}","templated":true}]}}