{"id":91212,"date":"2021-01-22T00:24:48","date_gmt":"2021-01-22T05:24:48","guid":{"rendered":"https:\/\/elinformanteperu.com\/?p=91212"},"modified":"2021-01-22T00:24:48","modified_gmt":"2021-01-22T05:24:48","slug":"pedro-chavarry-sala-le-reduce-suspension-del-cargo-de-18-a-11-meses","status":"publish","type":"post","link":"https:\/\/elinformanteperu.com\/index.php\/2021\/01\/22\/pedro-chavarry-sala-le-reduce-suspension-del-cargo-de-18-a-11-meses\/","title":{"rendered":"Pedro Ch\u00e1varry: sala le reduce suspensi\u00f3n del cargo de 18 a 11 meses"},"content":{"rendered":"<p><span style=\"color: #000000;\"><strong>Lima, 21 Enero 2021, (ANDINA).-<\/strong> La Sala Penal Especial de la Corte Suprema redujo de 18 a 11 meses el plazo de la suspensi\u00f3n de Pedro Ch\u00e1varry como fiscal supremo titular, por la investigaci\u00f3n que se le sigue por encubrimiento real en agravio del Estado.<\/span><\/p>\n<p><span style=\"color: #000000;\">El 28 de agosto del a\u00f1o pasado, el Juzgado Supremo de Investigaci\u00f3n Preparatoria del Poder Judicial suspendi\u00f3 del cargo por 18 meses a Ch\u00e1varry, declarando fundado el requerimiento fiscal de suspensi\u00f3n preventiva de derechos.<\/span><\/p>\n<p><span style=\"color: #000000;\">Seg\u00fan la resoluci\u00f3n de la Sala Penal Especial de la Corte Suprema, se declara fundado en parte el recurso de apelaci\u00f3n presentado por la defensa t\u00e9cnica del ex fiscal de la Naci\u00f3n.<\/span><\/p>\n<p><span style=\"color: #000000;\">En tal sentido, confirma la resoluci\u00f3n emitida por el Juzgado Supremo de Investigaci\u00f3n Preparatoria, pero revoca la suspensi\u00f3n preventiva de derechos de 18 a 11 meses.<\/span><\/p>\n<p><strong><span style=\"color: #000000;\">Sustento<\/span><\/strong><\/p>\n<p><span style=\"color: #000000;\">La fiscal\u00eda hab\u00eda solicitado la medida de suspensi\u00f3n ante las acciones cometidas por Ch\u00e1varry Vallejos en su condici\u00f3n de fiscal de la Naci\u00f3n, por solicitar informaci\u00f3n al equipo especial Lava Jato sobre el acuerdo de colaboraci\u00f3n eficaz con la empresa Odebrecht pese a su car\u00e1cter de reservado.<\/span><\/p>\n<p><span style=\"color: #000000;\">Asimismo, por remover a los fiscales del referido equipo especial Rafael Vela y Jos\u00e9 Domingo P\u00e9rez a pocos d\u00edas de suscribirse el acuerdo, lo que, a entender de la tesis fiscal, \u00abhabr\u00eda tenido la finalidad de dificultar el acopio de medios probatorios en las investigaciones en el caso Odebrecht\u00bb.<\/span><\/p>\n","protected":false},"excerpt":{"rendered":"<p>Lima, 21 Enero 2021, (ANDINA).- La Sala Penal Especial de la Corte Suprema redujo de 18 a 11 meses el plazo de la suspensi\u00f3n de Pedro Ch\u00e1varry como fiscal supremo titular, por la investigaci\u00f3n que se le sigue por encubrimiento real en agravio del Estado. El 28 de agosto del a\u00f1o pasado, el Juzgado Supremo [&hellip;]<\/p>\n","protected":false},"author":1,"featured_media":91213,"comment_status":"open","ping_status":"open","sticky":false,"template":"","format":"standard","meta":{"rop_custom_images_group":[],"rop_custom_messages_group":[],"rop_publish_now":"initial","rop_publish_now_accounts":[],"rop_publish_now_history":[],"rop_publish_now_status":"pending","footnotes":""},"categories":[5],"tags":[3209],"class_list":["post-91212","post","type-post","status-publish","format-standard","has-post-thumbnail","hentry","category-actualidad-informativa","tag-pedro-chavarry"],"_links":{"self":[{"href":"https:\/\/elinformanteperu.com\/index.php\/wp-json\/wp\/v2\/posts\/91212","targetHints":{"allow":["GET"]}}],"collection":[{"href":"https:\/\/elinformanteperu.com\/index.php\/wp-json\/wp\/v2\/posts"}],"about":[{"href":"https:\/\/elinformanteperu.com\/index.php\/wp-json\/wp\/v2\/types\/post"}],"author":[{"embeddable":true,"href":"https:\/\/elinformanteperu.com\/index.php\/wp-json\/wp\/v2\/users\/1"}],"replies":[{"embeddable":true,"href":"https:\/\/elinformanteperu.com\/index.php\/wp-json\/wp\/v2\/comments?post=91212"}],"version-history":[{"count":1,"href":"https:\/\/elinformanteperu.com\/index.php\/wp-json\/wp\/v2\/posts\/91212\/revisions"}],"predecessor-version":[{"id":91214,"href":"https:\/\/elinformanteperu.com\/index.php\/wp-json\/wp\/v2\/posts\/91212\/revisions\/91214"}],"wp:featuredmedia":[{"embeddable":true,"href":"https:\/\/elinformanteperu.com\/index.php\/wp-json\/wp\/v2\/media\/91213"}],"wp:attachment":[{"href":"https:\/\/elinformanteperu.com\/index.php\/wp-json\/wp\/v2\/media?parent=91212"}],"wp:term":[{"taxonomy":"category","embeddable":true,"href":"https:\/\/elinformanteperu.com\/index.php\/wp-json\/wp\/v2\/categories?post=91212"},{"taxonomy":"post_tag","embeddable":true,"href":"https:\/\/elinformanteperu.com\/index.php\/wp-json\/wp\/v2\/tags?post=91212"}],"curies":[{"name":"wp","href":"https:\/\/api.w.org\/{rel}","templated":true}]}}