{"id":91204,"date":"2021-01-22T00:15:57","date_gmt":"2021-01-22T05:15:57","guid":{"rendered":"https:\/\/elinformanteperu.com\/?p=91204"},"modified":"2021-01-22T00:15:57","modified_gmt":"2021-01-22T05:15:57","slug":"elecciones-2021-acuna-ofrece-potenciar-certificacion-de-calidad-de-universidades","status":"publish","type":"post","link":"https:\/\/elinformanteperu.com\/index.php\/2021\/01\/22\/elecciones-2021-acuna-ofrece-potenciar-certificacion-de-calidad-de-universidades\/","title":{"rendered":"Elecciones 2021: Acu\u00f1a ofrece potenciar certificaci\u00f3n de calidad de universidades"},"content":{"rendered":"<p><strong><span style=\"color: #000000;\">Candidato de APP dice no estar en contra de la Sunedu<\/span><\/strong><\/p>\n<p><span style=\"color: #000000;\"><strong>Lima, 21 Enero 2021, (ANDINA).-<\/strong> El candidato presidencial de Alianza para el Progreso, C\u00e9sar Acu\u00f1a, dijo que en un eventual gobierno suyo promover\u00e1 el trabajo del Sistema Nacional de Evaluaci\u00f3n, Acreditaci\u00f3n y Certificaci\u00f3n de la Calidad Educativa (Sineace), y neg\u00f3 que tenga animadversi\u00f3n contra la Sunedu.<\/span><\/p>\n<p><span style=\"color: #000000;\">\u201cNo solo hay que licenciar, sino tambi\u00e9n acreditar buenas universidades\u201d, se\u00f1al\u00f3, a\u00f1adiendo que las universidades Se\u00f1or de Sip\u00e1n, C\u00e9sar Vallejo y la Aut\u00f3noma del Per\u00fa, que son de su propiedad, ya fueron licenciadas por Sunedu, entidad a la que dijo \u201crespaldar\u201d.<\/span><\/p>\n<p><span style=\"color: #000000;\">En declaraciones a RPP, dijo que en su gobierno se dar\u00e1n tabletas y laptops para todos los maestros y alumnos.<\/span><\/p>\n<p><span style=\"color: #000000;\">Seg\u00fan refiri\u00f3, los cinco a\u00f1os en los que se desarrollar\u00eda su gesti\u00f3n presidencial ser\u00e1n denominados \u201cEl quinquenio de la educaci\u00f3n p\u00fablica\u201d, pues se respaldar\u00e1 a los centros de formaci\u00f3n estatales.<\/span><\/p>\n<p><span style=\"color: #000000;\">Adem\u00e1s, ofreci\u00f3 crear un ministerio nuevo dedicado a los asuntos propios de la juventud y el deporte.<\/span><\/p>\n<p><span style=\"color: #000000;\">Por otro lado, el candidato reiter\u00f3 sus cr\u00edticas a la intervenci\u00f3n policial de una conferencia suya en Piura.<\/span><\/p>\n<p><span style=\"color: #000000;\">A su criterio, el local donde iba a realizar su presentaci\u00f3n no incumpl\u00eda los protocolos frente a la covid-19. \u201cAdentro est\u00e1bamos solo el candidato, los candidatos al Congreso y los periodistas\u201d, indic\u00f3.<\/span><\/p>\n<p><span style=\"color: #000000;\">Respecto a su descalificaci\u00f3n en la contienda electoral, mencion\u00f3 que espera con serenidad la decisi\u00f3n del JNE.<\/span><\/p>\n<p><span style=\"color: #000000;\">Consider\u00f3 que en ella \u201cse enmendar\u00e1 la plana al Jurado Electoral Especial\u201d, que desestim\u00f3 su postulaci\u00f3n alegando que no declar\u00f3 ser propietario de un inmueble.<\/span><\/p>\n<p><span style=\"color: #000000;\">Adem\u00e1s, Acu\u00f1a admiti\u00f3 haberse reunido con el candidato presidencial de Avanza Pa\u00eds, Hernando de Soto, con quien, dijo, mantiene una amistad pero rechaz\u00f3 que haya dialogado sobre una eventual alianza en caso alguno pase a la segunda vuelta electoral.<\/span><\/p>\n","protected":false},"excerpt":{"rendered":"<p>Candidato de APP dice no estar en contra de la Sunedu Lima, 21 Enero 2021, (ANDINA).- El candidato presidencial de Alianza para el Progreso, C\u00e9sar Acu\u00f1a, dijo que en un eventual gobierno suyo promover\u00e1 el trabajo del Sistema Nacional de Evaluaci\u00f3n, Acreditaci\u00f3n y Certificaci\u00f3n de la Calidad Educativa (Sineace), y neg\u00f3 que tenga animadversi\u00f3n contra [&hellip;]<\/p>\n","protected":false},"author":1,"featured_media":91205,"comment_status":"open","ping_status":"open","sticky":false,"template":"","format":"standard","meta":{"rop_custom_images_group":[],"rop_custom_messages_group":[],"rop_publish_now":"initial","rop_publish_now_accounts":[],"rop_publish_now_history":[],"rop_publish_now_status":"pending","footnotes":""},"categories":[5],"tags":[275,276,632,5461],"class_list":["post-91204","post","type-post","status-publish","format-standard","has-post-thumbnail","hentry","category-actualidad-informativa","tag-alianza-para-el-progreso","tag-app","tag-cesar-acuna","tag-elecciones-2021"],"_links":{"self":[{"href":"https:\/\/elinformanteperu.com\/index.php\/wp-json\/wp\/v2\/posts\/91204","targetHints":{"allow":["GET"]}}],"collection":[{"href":"https:\/\/elinformanteperu.com\/index.php\/wp-json\/wp\/v2\/posts"}],"about":[{"href":"https:\/\/elinformanteperu.com\/index.php\/wp-json\/wp\/v2\/types\/post"}],"author":[{"embeddable":true,"href":"https:\/\/elinformanteperu.com\/index.php\/wp-json\/wp\/v2\/users\/1"}],"replies":[{"embeddable":true,"href":"https:\/\/elinformanteperu.com\/index.php\/wp-json\/wp\/v2\/comments?post=91204"}],"version-history":[{"count":1,"href":"https:\/\/elinformanteperu.com\/index.php\/wp-json\/wp\/v2\/posts\/91204\/revisions"}],"predecessor-version":[{"id":91206,"href":"https:\/\/elinformanteperu.com\/index.php\/wp-json\/wp\/v2\/posts\/91204\/revisions\/91206"}],"wp:featuredmedia":[{"embeddable":true,"href":"https:\/\/elinformanteperu.com\/index.php\/wp-json\/wp\/v2\/media\/91205"}],"wp:attachment":[{"href":"https:\/\/elinformanteperu.com\/index.php\/wp-json\/wp\/v2\/media?parent=91204"}],"wp:term":[{"taxonomy":"category","embeddable":true,"href":"https:\/\/elinformanteperu.com\/index.php\/wp-json\/wp\/v2\/categories?post=91204"},{"taxonomy":"post_tag","embeddable":true,"href":"https:\/\/elinformanteperu.com\/index.php\/wp-json\/wp\/v2\/tags?post=91204"}],"curies":[{"name":"wp","href":"https:\/\/api.w.org\/{rel}","templated":true}]}}