{"id":91193,"date":"2021-01-22T00:06:42","date_gmt":"2021-01-22T05:06:42","guid":{"rendered":"https:\/\/elinformanteperu.com\/?p=91193"},"modified":"2021-01-22T00:06:42","modified_gmt":"2021-01-22T05:06:42","slug":"jne-pronunciamiento-de-bermudez-sobre-fecha-de-elecciones-da-certezas-a-la-ciudadania","status":"publish","type":"post","link":"https:\/\/elinformanteperu.com\/index.php\/2021\/01\/22\/jne-pronunciamiento-de-bermudez-sobre-fecha-de-elecciones-da-certezas-a-la-ciudadania\/","title":{"rendered":"JNE: pronunciamiento de Berm\u00fadez sobre fecha de elecciones \u201cda certezas\u201d a la ciudadan\u00eda"},"content":{"rendered":"<p><span style=\"color: #000000;\"><strong>Lima, 21 Enero 2021, (ANDINA).-<\/strong> El presidente del Jurado Nacional de Elecciones, Jorge Luis Salas, dijo que lo se\u00f1alado por la titular de la PCM, Violeta Berm\u00fadez, respecto a que se mantiene la fecha de las elecciones generales \u201cda certezas\u201d a la ciudadan\u00eda.<\/span><\/p>\n<p><span style=\"color: #000000;\">La autoridad electoral calific\u00f3 de \u201cmuy importante\u201d lo se\u00f1alado por la representante del Poder Ejecutivo respecto a que actualmente no hay elementos que lleven a establecer una eventual postergaci\u00f3n de los comicios programados para abril.<\/span><\/p>\n<p><span style=\"color: #000000;\">En declaraciones a IDL Radio indic\u00f3 que se tiene que tomar en cuenta que para cualquier decisi\u00f3n sobre el tema \u201cse est\u00e1n evaluando las condiciones de seguridad para la colectividad\u201d.<\/span><\/p>\n<p><span style=\"color: #000000;\">\u201cEstoy totalmente convencido de que los expertos del Ministerio de Salud trabajan para medir adecuadamente los datos y se\u00f1ales de la pandemia en el pa\u00eds\u201d, a\u00f1adi\u00f3 Salas. El JNE, por su naturaleza, no puede fijar medidas de \u00edndole sanitaria y por ello no ha dictado medidas referidas al tema para aplicar en el proceso electoral, indic\u00f3.<\/span><\/p>\n<p><span style=\"color: #000000;\">En tal sentido, salud\u00f3 que la ONPE haya elaborado un conjunto de protocolos a seguir durante la votaci\u00f3n; sin embargo, resulta m\u00e1s complejo establecer una estrategia para la campa\u00f1a proselitista. Las medidas preventivas en ese campo tendr\u00edan que estribar entre \u201cla eliminaci\u00f3n de los actos p\u00fablicos\u201d o establecer \u201caltas connotaciones de limitaci\u00f3n\u201d para estos, consider\u00f3.<\/span><\/p>\n<p><span style=\"color: #000000;\">\u201cEso lo tienen que ver los expertos y nosotros recogeremos las recomendaciones\u201d, dijo Salas.<\/span><\/p>\n<p><span style=\"color: #000000;\">Asimismo, dijo que aplaude la autorregulaci\u00f3n que se han impuesto en sus actividades varios candidatos para evitar la propagaci\u00f3n del covid-19. Respecto a la posibilidad de que el Tribunal de Honor del Pacto \u00c9tico Electoral pueda sancionar a quienes incurran en faltas o difundan informaci\u00f3n falsa, record\u00f3 que dicha instancia \u201cno tiene capacidad de multar, suspender o denunciar, sino de recomendar, llamar la atenci\u00f3n o publicar sus resoluciones\u201d.<\/span><\/p>\n<p><strong><span style=\"color: #000000;\">Presupuesto adicional<\/span><\/strong><\/p>\n<p><span style=\"color: #000000;\">Salas tambi\u00e9n dijo que, hasta el momento, la ONPE no ha podido definir exactamente cu\u00e1ntos locales de votaci\u00f3n funcionar\u00e1n. Esto impide que el JNE haga una proyecci\u00f3n para, con base en ella, solicitar un presupuesto adicional destinado a garantizar la fiscalizaci\u00f3n electoral.<\/span><\/p>\n<p><span style=\"color: #000000;\">Refiri\u00f3 que se requerir\u00e1n 1,500 soles para cada fiscalizador, adem\u00e1s de recursos para la adquisici\u00f3n de refrigerios, ropa de seguridad y chalecos.<\/span><\/p>\n<p><span style=\"color: #000000;\">En un inicio se hizo un c\u00e1lculo basado en que el n\u00famero de locales ser\u00eda de 25,000, por lo que se estim\u00f3 un requerimiento de 34 millones de soles, inform\u00f3 Salas. Sin embargo, esa cantidad de puntos de votaci\u00f3n no es la definitiva a\u00fan.<\/span><\/p>\n","protected":false},"excerpt":{"rendered":"<p>Lima, 21 Enero 2021, (ANDINA).- El presidente del Jurado Nacional de Elecciones, Jorge Luis Salas, dijo que lo se\u00f1alado por la titular de la PCM, Violeta Berm\u00fadez, respecto a que se mantiene la fecha de las elecciones generales \u201cda certezas\u201d a la ciudadan\u00eda. La autoridad electoral calific\u00f3 de \u201cmuy importante\u201d lo se\u00f1alado por la representante [&hellip;]<\/p>\n","protected":false},"author":1,"featured_media":91194,"comment_status":"open","ping_status":"open","sticky":false,"template":"","format":"standard","meta":{"rop_custom_images_group":[],"rop_custom_messages_group":[],"rop_publish_now":"initial","rop_publish_now_accounts":[],"rop_publish_now_history":[],"rop_publish_now_status":"pending","footnotes":""},"categories":[5],"tags":[5461,184,6234,185,150],"class_list":["post-91193","post","type-post","status-publish","format-standard","has-post-thumbnail","hentry","category-actualidad-informativa","tag-elecciones-2021","tag-jne","tag-jorge-luis-salas-arenas","tag-jurado-nacional-de-elecciones","tag-onpe"],"_links":{"self":[{"href":"https:\/\/elinformanteperu.com\/index.php\/wp-json\/wp\/v2\/posts\/91193","targetHints":{"allow":["GET"]}}],"collection":[{"href":"https:\/\/elinformanteperu.com\/index.php\/wp-json\/wp\/v2\/posts"}],"about":[{"href":"https:\/\/elinformanteperu.com\/index.php\/wp-json\/wp\/v2\/types\/post"}],"author":[{"embeddable":true,"href":"https:\/\/elinformanteperu.com\/index.php\/wp-json\/wp\/v2\/users\/1"}],"replies":[{"embeddable":true,"href":"https:\/\/elinformanteperu.com\/index.php\/wp-json\/wp\/v2\/comments?post=91193"}],"version-history":[{"count":1,"href":"https:\/\/elinformanteperu.com\/index.php\/wp-json\/wp\/v2\/posts\/91193\/revisions"}],"predecessor-version":[{"id":91195,"href":"https:\/\/elinformanteperu.com\/index.php\/wp-json\/wp\/v2\/posts\/91193\/revisions\/91195"}],"wp:featuredmedia":[{"embeddable":true,"href":"https:\/\/elinformanteperu.com\/index.php\/wp-json\/wp\/v2\/media\/91194"}],"wp:attachment":[{"href":"https:\/\/elinformanteperu.com\/index.php\/wp-json\/wp\/v2\/media?parent=91193"}],"wp:term":[{"taxonomy":"category","embeddable":true,"href":"https:\/\/elinformanteperu.com\/index.php\/wp-json\/wp\/v2\/categories?post=91193"},{"taxonomy":"post_tag","embeddable":true,"href":"https:\/\/elinformanteperu.com\/index.php\/wp-json\/wp\/v2\/tags?post=91193"}],"curies":[{"name":"wp","href":"https:\/\/api.w.org\/{rel}","templated":true}]}}