{"id":91190,"date":"2021-01-22T00:02:47","date_gmt":"2021-01-22T05:02:47","guid":{"rendered":"https:\/\/elinformanteperu.com\/?p=91190"},"modified":"2021-01-22T00:02:47","modified_gmt":"2021-01-22T05:02:47","slug":"elecciones-2021-flor-pablo-del-partido-morado-dio-positivo-al-covid-19","status":"publish","type":"post","link":"https:\/\/elinformanteperu.com\/index.php\/2021\/01\/22\/elecciones-2021-flor-pablo-del-partido-morado-dio-positivo-al-covid-19\/","title":{"rendered":"Elecciones 2021: Flor Pablo del Partido Morado dio positivo al covid-19"},"content":{"rendered":"<p><span style=\"color: #000000;\"><strong>Lima, 21 Enero 2021, (ANDINA).-<\/strong> La candidata al Congreso y a la vicepresidencia de la Rep\u00fablica por el Partido Morado, Flor Pablo, dio positivo al covid-19, inform\u00f3 su agrupaci\u00f3n pol\u00edtica a trav\u00e9s de un comunicado.<\/span><\/p>\n<p><span style=\"color: #000000;\">En el documento se indica que la postulante se encuentra en tratamiento m\u00e9dico, dando signos de mejor\u00eda.<\/span><\/p>\n<p><span style=\"color: #000000;\">El Partido Morado le dese\u00f3 pronta recuperaci\u00f3n a la candidata e indica que la segunda ola del covid-19 no es una teor\u00eda, sino una realidad.<\/span><\/p>\n<p><span style=\"color: #000000;\">Asimismo, se\u00f1al\u00f3 que el sector Salud hace los mayores esfuerzos por contener esta segunda ola. \u201cPero los partidos pol\u00edticos tenemos tambi\u00e9n una enorme responsabilidad con la salud de los peruanos y peruanas\u201d, dice en el comunicado.<\/span><\/p>\n<p><span style=\"color: #000000;\">Recuerda que, desde el a\u00f1o pasado, el Partido Morado opt\u00f3 por efectuar la mayor\u00eda de sus actividades partidarias de manera virtual; prueba de ello, indica, es la conexi\u00f3n morada, campa\u00f1a y debates virtuales durante la democracia interna y otras m\u00e1s.<\/span><\/p>\n<p><span style=\"color: #000000;\">Adem\u00e1s, apunta que las acciones de su l\u00edder, Julio Guzm\u00e1n, han sido en su mayor\u00eda virtuales y que en estos momentos el candidato presidencial no participa de actividades presenciales.<\/span><\/p>\n","protected":false},"excerpt":{"rendered":"<p>Lima, 21 Enero 2021, (ANDINA).- La candidata al Congreso y a la vicepresidencia de la Rep\u00fablica por el Partido Morado, Flor Pablo, dio positivo al covid-19, inform\u00f3 su agrupaci\u00f3n pol\u00edtica a trav\u00e9s de un comunicado. En el documento se indica que la postulante se encuentra en tratamiento m\u00e9dico, dando signos de mejor\u00eda. El Partido Morado [&hellip;]<\/p>\n","protected":false},"author":1,"featured_media":91191,"comment_status":"open","ping_status":"open","sticky":false,"template":"","format":"standard","meta":{"rop_custom_images_group":[],"rop_custom_messages_group":[],"rop_publish_now":"initial","rop_publish_now_accounts":[],"rop_publish_now_history":[],"rop_publish_now_status":"pending","footnotes":""},"categories":[5,5745],"tags":[6322,5461,4368,4256],"class_list":["post-91190","post","type-post","status-publish","format-standard","has-post-thumbnail","hentry","category-actualidad-informativa","category-lo-ultimo","tag-covid-segunda-ola","tag-elecciones-2021","tag-flor-pablo-medina","tag-partido-morado"],"_links":{"self":[{"href":"https:\/\/elinformanteperu.com\/index.php\/wp-json\/wp\/v2\/posts\/91190","targetHints":{"allow":["GET"]}}],"collection":[{"href":"https:\/\/elinformanteperu.com\/index.php\/wp-json\/wp\/v2\/posts"}],"about":[{"href":"https:\/\/elinformanteperu.com\/index.php\/wp-json\/wp\/v2\/types\/post"}],"author":[{"embeddable":true,"href":"https:\/\/elinformanteperu.com\/index.php\/wp-json\/wp\/v2\/users\/1"}],"replies":[{"embeddable":true,"href":"https:\/\/elinformanteperu.com\/index.php\/wp-json\/wp\/v2\/comments?post=91190"}],"version-history":[{"count":1,"href":"https:\/\/elinformanteperu.com\/index.php\/wp-json\/wp\/v2\/posts\/91190\/revisions"}],"predecessor-version":[{"id":91192,"href":"https:\/\/elinformanteperu.com\/index.php\/wp-json\/wp\/v2\/posts\/91190\/revisions\/91192"}],"wp:featuredmedia":[{"embeddable":true,"href":"https:\/\/elinformanteperu.com\/index.php\/wp-json\/wp\/v2\/media\/91191"}],"wp:attachment":[{"href":"https:\/\/elinformanteperu.com\/index.php\/wp-json\/wp\/v2\/media?parent=91190"}],"wp:term":[{"taxonomy":"category","embeddable":true,"href":"https:\/\/elinformanteperu.com\/index.php\/wp-json\/wp\/v2\/categories?post=91190"},{"taxonomy":"post_tag","embeddable":true,"href":"https:\/\/elinformanteperu.com\/index.php\/wp-json\/wp\/v2\/tags?post=91190"}],"curies":[{"name":"wp","href":"https:\/\/api.w.org\/{rel}","templated":true}]}}