{"id":91188,"date":"2021-01-21T23:56:55","date_gmt":"2021-01-22T04:56:55","guid":{"rendered":"https:\/\/elinformanteperu.com\/?p=91188"},"modified":"2021-01-21T23:56:55","modified_gmt":"2021-01-22T04:56:55","slug":"salaverry-celebracion-de-comicios-debe-depender-de-evolucion-de-la-pandemia","status":"publish","type":"post","link":"https:\/\/elinformanteperu.com\/index.php\/2021\/01\/21\/salaverry-celebracion-de-comicios-debe-depender-de-evolucion-de-la-pandemia\/","title":{"rendered":"Salaverry: celebraci\u00f3n de comicios debe depender de evoluci\u00f3n de la pandemia"},"content":{"rendered":"<p><strong><span style=\"color: #000000;\">Candidato de Somos Per\u00fa dice haber variado su posici\u00f3n en contra de eventual postergaci\u00f3n<\/span><\/strong><\/p>\n<p><span style=\"color: #000000;\"><strong>Lima, 21 Enero 2021, (ANDINA).-<\/strong> El candidato presidencial de Somos Per\u00fa, Daniel Salaverry, consider\u00f3 que se debe evaluar c\u00f3mo evolucionar\u00e1 en los siguientes meses la pandemia del covid-19, a fin de determinar alguna variaci\u00f3n en la celebraci\u00f3n de las elecciones generales.<\/span><\/p>\n<p><span style=\"color: #000000;\">Resalt\u00f3 que la titular de la Presidencia del Consejo de Ministros, Violeta Berm\u00fadez, se\u00f1alara que, a la fecha, no hay indicios que lleven a pensar que las elecciones se postergar\u00edan. \u201cElla tiene la responsabilidad en este momento\u201d, declar\u00f3 a Canal N.<\/span><\/p>\n<p><span style=\"color: #000000;\">Salaverry se\u00f1al\u00f3 que hasta hace dos meses \u00e9l manten\u00eda la posici\u00f3n de no modificar las fechas ya establecidas. \u201cPero hoy, en vista del incremento de los casos de contagio, hay que ver c\u00f3mo evoluciona esta crisis\u201d, sostuvo.<\/span><\/p>\n<p><span style=\"color: #000000;\">\u201cNo podemos ser indolentes e irresponsables y llegar a marzo con hospitales colapsados y, Dios no lo quiera, con muertos en las calles, y aun as\u00ed pretender el 11 de abril ir a elecciones&#8230;\u201d, recalc\u00f3.<\/span><\/p>\n<p><span style=\"color: #000000;\">La decisi\u00f3n final debe depender \u2013dijo\u2013 de cu\u00e1nto se hace desde el Gobierno para contener el avance de la pandemia y de que se garantice el acceso de los pacientes a camas UCI.<\/span><\/p>\n<p><span style=\"color: #000000;\">En su opini\u00f3n, el Gobierno actual ha incurrido en \u201cerrores\u201d, como el no renovarles contrato a m\u00e9dicos y enfermeras por estimar que la pandemia estaba en retirada.<\/span><\/p>\n<p><strong><span style=\"color: #000000;\">Voto postal<\/span><\/strong><\/p>\n<p><span style=\"color: #000000;\">Por otro lado, hoy, mediante un comunicado, el partido Somos Per\u00fa pidi\u00f3 a la ONPE cumplir con la habilitaci\u00f3n del mecanismo del voto postal, para hacer factible el cumplimiento del derecho al sufragio por parte de los peruanos residentes en el extranjero.<\/span><\/p>\n<p><span style=\"color: #000000;\">Esto se encuentra estipulado en el art\u00edculo 239 de la Ley Org\u00e1nica de Elecciones, se indica. \u00abEs necesario dar todas las facilidades para que nuestros compatriotas en el exterior puedan ejercer su derecho al voto\u00bb, dice el comunicado.<\/span><\/p>\n","protected":false},"excerpt":{"rendered":"<p>Candidato de Somos Per\u00fa dice haber variado su posici\u00f3n en contra de eventual postergaci\u00f3n Lima, 21 Enero 2021, (ANDINA).- El candidato presidencial de Somos Per\u00fa, Daniel Salaverry, consider\u00f3 que se debe evaluar c\u00f3mo evolucionar\u00e1 en los siguientes meses la pandemia del covid-19, a fin de determinar alguna variaci\u00f3n en la celebraci\u00f3n de las elecciones generales. [&hellip;]<\/p>\n","protected":false},"author":1,"featured_media":53627,"comment_status":"open","ping_status":"open","sticky":false,"template":"","format":"standard","meta":{"rop_custom_images_group":[],"rop_custom_messages_group":[],"rop_publish_now":"initial","rop_publish_now_accounts":[],"rop_publish_now_history":[],"rop_publish_now_status":"pending","footnotes":""},"categories":[5],"tags":[858,5461,1536],"class_list":["post-91188","post","type-post","status-publish","format-standard","has-post-thumbnail","hentry","category-actualidad-informativa","tag-daniel-salaverry","tag-elecciones-2021","tag-somos-peru"],"_links":{"self":[{"href":"https:\/\/elinformanteperu.com\/index.php\/wp-json\/wp\/v2\/posts\/91188","targetHints":{"allow":["GET"]}}],"collection":[{"href":"https:\/\/elinformanteperu.com\/index.php\/wp-json\/wp\/v2\/posts"}],"about":[{"href":"https:\/\/elinformanteperu.com\/index.php\/wp-json\/wp\/v2\/types\/post"}],"author":[{"embeddable":true,"href":"https:\/\/elinformanteperu.com\/index.php\/wp-json\/wp\/v2\/users\/1"}],"replies":[{"embeddable":true,"href":"https:\/\/elinformanteperu.com\/index.php\/wp-json\/wp\/v2\/comments?post=91188"}],"version-history":[{"count":1,"href":"https:\/\/elinformanteperu.com\/index.php\/wp-json\/wp\/v2\/posts\/91188\/revisions"}],"predecessor-version":[{"id":91189,"href":"https:\/\/elinformanteperu.com\/index.php\/wp-json\/wp\/v2\/posts\/91188\/revisions\/91189"}],"wp:featuredmedia":[{"embeddable":true,"href":"https:\/\/elinformanteperu.com\/index.php\/wp-json\/wp\/v2\/media\/53627"}],"wp:attachment":[{"href":"https:\/\/elinformanteperu.com\/index.php\/wp-json\/wp\/v2\/media?parent=91188"}],"wp:term":[{"taxonomy":"category","embeddable":true,"href":"https:\/\/elinformanteperu.com\/index.php\/wp-json\/wp\/v2\/categories?post=91188"},{"taxonomy":"post_tag","embeddable":true,"href":"https:\/\/elinformanteperu.com\/index.php\/wp-json\/wp\/v2\/tags?post=91188"}],"curies":[{"name":"wp","href":"https:\/\/api.w.org\/{rel}","templated":true}]}}