{"id":91186,"date":"2021-01-21T23:53:15","date_gmt":"2021-01-22T04:53:15","guid":{"rendered":"https:\/\/elinformanteperu.com\/?p=91186"},"modified":"2021-01-21T23:53:15","modified_gmt":"2021-01-22T04:53:15","slug":"elecciones-2021-arana-pide-campana-contra-desinformacion-acerca-del-covid-19","status":"publish","type":"post","link":"https:\/\/elinformanteperu.com\/index.php\/2021\/01\/21\/elecciones-2021-arana-pide-campana-contra-desinformacion-acerca-del-covid-19\/","title":{"rendered":"Elecciones 2021: Arana pide campa\u00f1a contra desinformaci\u00f3n acerca del covid-19"},"content":{"rendered":"<p><strong><span style=\"color: #000000;\">Candidato de FA se\u00f1ala que en redes sociales se fomenta desconfianza en vacunas y mascarillas<\/span><\/strong><\/p>\n<p><span style=\"color: #000000;\"><strong>Lima, 21 Enero 2021, (ANDINA).-<\/strong> El candidato presidencial por el Frente Amplio, Marco Arana, pidi\u00f3 establecer \u201cuna mejor pol\u00edtica de comunicaci\u00f3n\u201d respecto a las medidas de prevenci\u00f3n frente al covid-19, ya que se percibe, seg\u00fan argument\u00f3, desinformaci\u00f3n en un gran sector de la poblaci\u00f3n sobre este tema.<\/span><\/p>\n<p><span style=\"color: #000000;\">Indic\u00f3 que estas distorsiones son canalizadas v\u00eda las redes sociales, donde se cuestiona la validez de pr\u00e1cticas destinadas a evitar el contagio de la mencionada enfermedad. \u00abHay que comunicar mejor; se necesita una mejor pol\u00edtica de comunicaci\u00f3n\u00bb, recalc\u00f3, en declaraciones a RPP.<\/span><\/p>\n<p><span style=\"color: #000000;\">Arana se\u00f1al\u00f3 que son muchas las personas que se ven influenciadas por informaciones contrarias al uso de mascarillas y a la aplicaci\u00f3n de vacunas contra el covid-19, suscitando rechazo. El Ejecutivo debe de desarrollar una estrategia que contrarreste este fen\u00f3meno, dijo.<\/span><\/p>\n<p><span style=\"color: #000000;\">De igual manera, Arana se\u00f1al\u00f3 que no se est\u00e1n tomando en cuenta los requerimientos del personal de salud que labora en jornadas extensas y que merecen un reconocimiento por ello. Asimismo, dijo que \u201cla reactivaci\u00f3n de los centros de salud va muy lenta\u201d, careciendo de m\u00e9dicos o enfermeras, ya que estos solo se encuentran en los hospitales.<\/span><\/p>\n<p><span style=\"color: #000000;\">As\u00ed, dichas dependencias se encuentran a cargo de t\u00e9cnicos, afirm\u00f3. \u00abEst\u00e1n en manos de gente sin capacidad resolutiva\u00bb, manifest\u00f3 el candidato.<\/span><\/p>\n<p><span style=\"color: #000000;\">De igual forma, critic\u00f3 que no se haya habilitado en todos los hospitales p\u00fablicos plantas generadoras de ox\u00edgeno. Se\u00f1al\u00f3 que resulta alarmante el encarecimiento del metro c\u00fabico de dicho elemento, as\u00ed como el incremento en la demanda del mismo a causa de la segunda ola de la pandemia.<\/span><\/p>\n<p><strong><span style=\"color: #000000;\">Cuestiona propuesta de Urresti<\/span><\/strong><\/p>\n<p><span style=\"color: #000000;\">Por otro lado, Arana consider\u00f3 \u201cdemag\u00f3gico\u201d el planteamiento de Daniel Urresti de que todos los postulantes a la Presidencia firmen un compromiso para no indultar a Alberto Fujimori.<\/span><\/p>\n<p><span style=\"color: #000000;\">Cuestion\u00f3 que en vez de dejar claro que \u201cnadie puede aprovechar la Presidencia para indultar a delincuentes\u201d, el candidato de Podemos busque \u201catrapar la atenci\u00f3n de los medios\u201d con este tipo de expresiones.<\/span><\/p>\n<p><span style=\"color: #000000;\">En tal sentido, en declaraciones para RPP, Arana indic\u00f3 que esta propuesta deber\u00eda abarcar tambi\u00e9n la imposibilidad de indultar a personas condenadas por delitos graves, terrorismo o actos de lesa humanidad. En ese punto, record\u00f3 que Urresti afronta un juicio por ese \u00faltimo tema, aludiendo al caso de la muerte del periodista Hugo Bust\u00edos.<\/span><\/p>\n","protected":false},"excerpt":{"rendered":"<p>Candidato de FA se\u00f1ala que en redes sociales se fomenta desconfianza en vacunas y mascarillas Lima, 21 Enero 2021, (ANDINA).- El candidato presidencial por el Frente Amplio, Marco Arana, pidi\u00f3 establecer \u201cuna mejor pol\u00edtica de comunicaci\u00f3n\u201d respecto a las medidas de prevenci\u00f3n frente al covid-19, ya que se percibe, seg\u00fan argument\u00f3, desinformaci\u00f3n en un gran [&hellip;]<\/p>\n","protected":false},"author":1,"featured_media":56751,"comment_status":"open","ping_status":"open","sticky":false,"template":"","format":"standard","meta":{"rop_custom_images_group":[],"rop_custom_messages_group":[],"rop_publish_now":"initial","rop_publish_now_accounts":[],"rop_publish_now_history":[],"rop_publish_now_status":"pending","footnotes":""},"categories":[5],"tags":[476],"class_list":["post-91186","post","type-post","status-publish","format-standard","has-post-thumbnail","hentry","category-actualidad-informativa","tag-marco-arana"],"_links":{"self":[{"href":"https:\/\/elinformanteperu.com\/index.php\/wp-json\/wp\/v2\/posts\/91186","targetHints":{"allow":["GET"]}}],"collection":[{"href":"https:\/\/elinformanteperu.com\/index.php\/wp-json\/wp\/v2\/posts"}],"about":[{"href":"https:\/\/elinformanteperu.com\/index.php\/wp-json\/wp\/v2\/types\/post"}],"author":[{"embeddable":true,"href":"https:\/\/elinformanteperu.com\/index.php\/wp-json\/wp\/v2\/users\/1"}],"replies":[{"embeddable":true,"href":"https:\/\/elinformanteperu.com\/index.php\/wp-json\/wp\/v2\/comments?post=91186"}],"version-history":[{"count":1,"href":"https:\/\/elinformanteperu.com\/index.php\/wp-json\/wp\/v2\/posts\/91186\/revisions"}],"predecessor-version":[{"id":91187,"href":"https:\/\/elinformanteperu.com\/index.php\/wp-json\/wp\/v2\/posts\/91186\/revisions\/91187"}],"wp:featuredmedia":[{"embeddable":true,"href":"https:\/\/elinformanteperu.com\/index.php\/wp-json\/wp\/v2\/media\/56751"}],"wp:attachment":[{"href":"https:\/\/elinformanteperu.com\/index.php\/wp-json\/wp\/v2\/media?parent=91186"}],"wp:term":[{"taxonomy":"category","embeddable":true,"href":"https:\/\/elinformanteperu.com\/index.php\/wp-json\/wp\/v2\/categories?post=91186"},{"taxonomy":"post_tag","embeddable":true,"href":"https:\/\/elinformanteperu.com\/index.php\/wp-json\/wp\/v2\/tags?post=91186"}],"curies":[{"name":"wp","href":"https:\/\/api.w.org\/{rel}","templated":true}]}}