{"id":91183,"date":"2021-01-21T23:49:40","date_gmt":"2021-01-22T04:49:40","guid":{"rendered":"https:\/\/elinformanteperu.com\/?p=91183"},"modified":"2021-01-21T23:49:40","modified_gmt":"2021-01-22T04:49:40","slug":"presidente-sagasti-anuncia-pronta-publicacion-de-protocolos-para-la-campana-electoral","status":"publish","type":"post","link":"https:\/\/elinformanteperu.com\/index.php\/2021\/01\/21\/presidente-sagasti-anuncia-pronta-publicacion-de-protocolos-para-la-campana-electoral\/","title":{"rendered":"Presidente Sagasti anuncia pronta publicaci\u00f3n de protocolos para la campa\u00f1a electoral"},"content":{"rendered":"<p><strong><span style=\"color: #000000;\">Adem\u00e1s ratifica compromiso de celebraci\u00f3n de elecciones en la fecha prevista<\/span><\/strong><\/p>\n<p><span style=\"color: #000000;\"><strong>Lima, 21 Enero 2021, (ANDINA).-<\/strong> El Presidente de la Rep\u00fablica, Francisco Sagasti, reiter\u00f3 el compromiso del Gobierno para que las elecciones generales 2021 se realicen el 11 de abril y anunci\u00f3 que dentro de poco se aprobar\u00e1n los protocolos sanitarios que guiar\u00e1n la campa\u00f1a electoral. Vea aqu\u00ed la galer\u00eda fotogr\u00e1fica<\/span><\/p>\n<p><span style=\"color: #000000;\">\u00abNo nos detenemos, seguimos trabajando y enfatizamos que el gobierno est\u00e1 comprometido con celebrar las elecciones el 11 de abril. Tenemos un marco legal establecido y nos estamos adhiriendo a \u00e9l (&#8230;), dentro de poco saldr\u00e1 un conjunto de protocolos para guiar la campa\u00f1a electoral\u00bb, sostuvo.<\/span><\/p>\n<p><span style=\"color: #000000;\">El Jefe del Estado exhort\u00f3 a la ciudadan\u00eda a cumplir con los protocolos y normas sanitarias dispuestos para evitar el contagio del covid-19, mientras se aprueban las nueva medidas para el proceso electoral.<\/span><\/p>\n<p><span style=\"color: #000000;\">Sagasti resalt\u00f3 adem\u00e1s que el Gobierno trabaja tambi\u00e9n y sigue avanzando en el tema de las vacunas, la atenci\u00f3n de los pacientes, la contrataci\u00f3n de personal y todo lo que involucra enfrentar a la pandemia del nuevo coronavirus.<\/span><\/p>\n<p><span style=\"color: #000000;\">En ese sentido, reiter\u00f3 que se garantiza el suministro de abastecimiento de agua para las zonas que carecen de este elemento, tanto en el \u00e1mbito rural como en el urbano, tal como se\u00f1al\u00f3 ayer la titular de la PCM, Violeta Berm\u00fadez.<\/span><\/p>\n<p><span style=\"color: #000000;\">El Mandatario declar\u00f3 a la prensa tras participar en la presentaci\u00f3n de la primera l\u00ednea de producci\u00f3n de plantas de ox\u00edgeno medicinal del pa\u00eds, a iniciativa de la empresa privada.<\/span><\/p>\n<p><span style=\"color: #000000;\">Destac\u00f3 que gracias a la colaboraci\u00f3n entre todos los peruanos se podr\u00e1 abastecer a los hospitales y centros de salud que requieran de ox\u00edgeno medicinal.<\/span><\/p>\n<p><span style=\"color: #000000;\">\u00abTanto Respira Per\u00fa como el Ministerio de Salud y EsSalud, adem\u00e1s de Modasa y la empresa privada, han colaborado para hacer esto una realidad\u00bb, resalt\u00f3.<\/span><\/p>\n<p><span style=\"color: #000000;\">\u00abOx\u00edgeno es vida, y lo que estamos haciendo ahora todos los peruanos es regalarnos vida, los unos a los otros, y la tarea del gobierno en este desaf\u00edo es articular y coordinar el trabajo de distintos sectores\u00bb, agreg\u00f3.<\/span><\/p>\n","protected":false},"excerpt":{"rendered":"<p>Adem\u00e1s ratifica compromiso de celebraci\u00f3n de elecciones en la fecha prevista Lima, 21 Enero 2021, (ANDINA).- El Presidente de la Rep\u00fablica, Francisco Sagasti, reiter\u00f3 el compromiso del Gobierno para que las elecciones generales 2021 se realicen el 11 de abril y anunci\u00f3 que dentro de poco se aprobar\u00e1n los protocolos sanitarios que guiar\u00e1n la campa\u00f1a [&hellip;]<\/p>\n","protected":false},"author":1,"featured_media":91184,"comment_status":"open","ping_status":"open","sticky":false,"template":"","format":"standard","meta":{"rop_custom_images_group":[],"rop_custom_messages_group":[],"rop_publish_now":"initial","rop_publish_now_accounts":[],"rop_publish_now_history":[],"rop_publish_now_status":"pending","footnotes":""},"categories":[5],"tags":[5263,189,1421,2317,6226],"class_list":["post-91183","post","type-post","status-publish","format-standard","has-post-thumbnail","hentry","category-actualidad-informativa","tag-francisco-sagasti","tag-pcm","tag-poder-ejecutivo","tag-presidencia-del-consejo-de-ministros","tag-violeta-bermudez"],"_links":{"self":[{"href":"https:\/\/elinformanteperu.com\/index.php\/wp-json\/wp\/v2\/posts\/91183","targetHints":{"allow":["GET"]}}],"collection":[{"href":"https:\/\/elinformanteperu.com\/index.php\/wp-json\/wp\/v2\/posts"}],"about":[{"href":"https:\/\/elinformanteperu.com\/index.php\/wp-json\/wp\/v2\/types\/post"}],"author":[{"embeddable":true,"href":"https:\/\/elinformanteperu.com\/index.php\/wp-json\/wp\/v2\/users\/1"}],"replies":[{"embeddable":true,"href":"https:\/\/elinformanteperu.com\/index.php\/wp-json\/wp\/v2\/comments?post=91183"}],"version-history":[{"count":1,"href":"https:\/\/elinformanteperu.com\/index.php\/wp-json\/wp\/v2\/posts\/91183\/revisions"}],"predecessor-version":[{"id":91185,"href":"https:\/\/elinformanteperu.com\/index.php\/wp-json\/wp\/v2\/posts\/91183\/revisions\/91185"}],"wp:featuredmedia":[{"embeddable":true,"href":"https:\/\/elinformanteperu.com\/index.php\/wp-json\/wp\/v2\/media\/91184"}],"wp:attachment":[{"href":"https:\/\/elinformanteperu.com\/index.php\/wp-json\/wp\/v2\/media?parent=91183"}],"wp:term":[{"taxonomy":"category","embeddable":true,"href":"https:\/\/elinformanteperu.com\/index.php\/wp-json\/wp\/v2\/categories?post=91183"},{"taxonomy":"post_tag","embeddable":true,"href":"https:\/\/elinformanteperu.com\/index.php\/wp-json\/wp\/v2\/tags?post=91183"}],"curies":[{"name":"wp","href":"https:\/\/api.w.org\/{rel}","templated":true}]}}