{"id":91164,"date":"2021-01-21T23:18:16","date_gmt":"2021-01-22T04:18:16","guid":{"rendered":"https:\/\/elinformanteperu.com\/?p=91164"},"modified":"2021-01-21T23:18:16","modified_gmt":"2021-01-22T04:18:16","slug":"ministerio-de-vivienda-aprueba-guia-para-que-restaurantes-y-establecimientos-culturales-hagan-uso-de-espacios-publicos","status":"publish","type":"post","link":"https:\/\/elinformanteperu.com\/index.php\/2021\/01\/21\/ministerio-de-vivienda-aprueba-guia-para-que-restaurantes-y-establecimientos-culturales-hagan-uso-de-espacios-publicos\/","title":{"rendered":"Ministerio de Vivienda aprueba gu\u00eda para que restaurantes y establecimientos culturales hagan uso de espacios p\u00fablicos"},"content":{"rendered":"<p><strong><span style=\"color: #000000;\">Sector recibi\u00f3 aportes de los representantes de gobiernos locales y de asociaciones gastron\u00f3micas, hoteleras, culturales.<\/span><\/strong><\/p>\n<p><span style=\"color: #000000;\"><strong>Lima, 21 Enero 2021, (El Informante Per\u00fa).-<\/strong> El Ministerio de Vivienda, Construcci\u00f3n y Saneamiento (MVCS) aprob\u00f3 una gu\u00eda para que restaurantes, servicios afines y establecimientos culturales y de arte puedan usar espacios p\u00fablicos como bermas, veredas, parques, v\u00edas peatonales, entre otros.<\/span><\/p>\n<p><span style=\"color: #000000;\">La \u201cGu\u00eda para el uso temporal de espacios p\u00fablicos para establecimientos comerciales y culturales\u201d, aprobado por Resoluci\u00f3n Ministerial 019-2021-VIVIENDA, establece los lineamientos para realizar este tipo de actividades en espacios abiertos, y as\u00ed poder respetar el aforo de los locales establecido por el Gobierno Central, manteniendo el distanciamiento social y reduciendo el riesgo de contagios por Covid-19. De esta manera, se contribuir\u00e1 al uso din\u00e1mico del espacio p\u00fablico y a la reactivaci\u00f3n econ\u00f3mica.<\/span><\/p>\n<p><span style=\"color: #000000;\">La gu\u00eda precisa diferentes formas de uso temporal de los espacios p\u00fablicos tanto para actividades comerciales como culturales, as\u00ed como las dimensiones m\u00ednimas que deben existir a fin de mantener el distanciamiento social, entre otros importantes lineamientos.<\/span><\/p>\n<p><span style=\"color: #000000;\">Esta gu\u00eda podr\u00e1 ser aplicada solo por los locales que colinden con alg\u00fan espacio p\u00fablico. La finalidad es evitar que se realicen actividades en espacios cerrados, donde hay una mayor probabilidad de contagio.<\/span><\/p>\n<p><span style=\"color: #000000;\">Para la elaboraci\u00f3n de la Gu\u00eda se recibi\u00f3 los aportes de los representantes de municipalidades, gremios y asociaciones gastron\u00f3micas, culturales y hoteleras y propietarios de restaurantes representativos.<\/span><\/p>\n<p><span style=\"color: #000000;\">El documento fue elaborado en el marco del art\u00edculo 4 del Decreto Supremo N\u00b0 187-2020-PCM, el cual precisa que las municipalidades deben facilitar el uso temporal del espacio p\u00fablico a los mencionados negocios y establecimientos a fin de evitar poner en riesgo la salud de las personas durante el desarrollo de la Fase 4 de la reactivaci\u00f3n econ\u00f3mica.<\/span><\/p>\n<p><span style=\"color: #000000;\">En la norma tambi\u00e9n se indica que el MVCS ser\u00e1 el encargado de elaborar la gu\u00eda que oriente dichas acciones.<\/span><\/p>\n","protected":false},"excerpt":{"rendered":"<p>Sector recibi\u00f3 aportes de los representantes de gobiernos locales y de asociaciones gastron\u00f3micas, hoteleras, culturales. Lima, 21 Enero 2021, (El Informante Per\u00fa).- El Ministerio de Vivienda, Construcci\u00f3n y Saneamiento (MVCS) aprob\u00f3 una gu\u00eda para que restaurantes, servicios afines y establecimientos culturales y de arte puedan usar espacios p\u00fablicos como bermas, veredas, parques, v\u00edas peatonales, entre [&hellip;]<\/p>\n","protected":false},"author":1,"featured_media":91165,"comment_status":"open","ping_status":"open","sticky":false,"template":"","format":"standard","meta":{"rop_custom_images_group":[],"rop_custom_messages_group":[],"rop_publish_now":"initial","rop_publish_now_accounts":[],"rop_publish_now_history":[],"rop_publish_now_status":"pending","footnotes":""},"categories":[10],"tags":[],"class_list":["post-91164","post","type-post","status-publish","format-standard","has-post-thumbnail","hentry","category-actualidad-municipal"],"_links":{"self":[{"href":"https:\/\/elinformanteperu.com\/index.php\/wp-json\/wp\/v2\/posts\/91164","targetHints":{"allow":["GET"]}}],"collection":[{"href":"https:\/\/elinformanteperu.com\/index.php\/wp-json\/wp\/v2\/posts"}],"about":[{"href":"https:\/\/elinformanteperu.com\/index.php\/wp-json\/wp\/v2\/types\/post"}],"author":[{"embeddable":true,"href":"https:\/\/elinformanteperu.com\/index.php\/wp-json\/wp\/v2\/users\/1"}],"replies":[{"embeddable":true,"href":"https:\/\/elinformanteperu.com\/index.php\/wp-json\/wp\/v2\/comments?post=91164"}],"version-history":[{"count":1,"href":"https:\/\/elinformanteperu.com\/index.php\/wp-json\/wp\/v2\/posts\/91164\/revisions"}],"predecessor-version":[{"id":91166,"href":"https:\/\/elinformanteperu.com\/index.php\/wp-json\/wp\/v2\/posts\/91164\/revisions\/91166"}],"wp:featuredmedia":[{"embeddable":true,"href":"https:\/\/elinformanteperu.com\/index.php\/wp-json\/wp\/v2\/media\/91165"}],"wp:attachment":[{"href":"https:\/\/elinformanteperu.com\/index.php\/wp-json\/wp\/v2\/media?parent=91164"}],"wp:term":[{"taxonomy":"category","embeddable":true,"href":"https:\/\/elinformanteperu.com\/index.php\/wp-json\/wp\/v2\/categories?post=91164"},{"taxonomy":"post_tag","embeddable":true,"href":"https:\/\/elinformanteperu.com\/index.php\/wp-json\/wp\/v2\/tags?post=91164"}],"curies":[{"name":"wp","href":"https:\/\/api.w.org\/{rel}","templated":true}]}}