{"id":91155,"date":"2021-01-21T22:19:45","date_gmt":"2021-01-22T03:19:45","guid":{"rendered":"https:\/\/elinformanteperu.com\/?p=91155"},"modified":"2021-01-21T22:19:45","modified_gmt":"2021-01-22T03:19:45","slug":"aerolinea-sky-reinicia-sus-vuelos-interregionales-cusco-arequipa","status":"publish","type":"post","link":"https:\/\/elinformanteperu.com\/index.php\/2021\/01\/21\/aerolinea-sky-reinicia-sus-vuelos-interregionales-cusco-arequipa\/","title":{"rendered":"Aerol\u00ednea Sky reinicia sus vuelos interregionales Cusco-Arequipa"},"content":{"rendered":"<p><strong><span style=\"color: #000000;\">Ratifica protocolo de desinfecci\u00f3n de aeronaves como requiere la OMS<\/span><\/strong><\/p>\n<p><span style=\"color: #000000;\"><strong>Lima, 21 Enero 2021, (ANDINA).-<\/strong> La aerol\u00ednea Sky Airline inform\u00f3 que ayer reanud\u00f3 sus vuelos interregionales en la ruta Cusco-Arequipa y afirm\u00f3 que esta medida forma parte de su proceso de reactivaci\u00f3n econ\u00f3mica y est\u00e1 acorde con las actividades de movilizaci\u00f3n esencial.<\/span><\/p>\n<p><span style=\"color: #000000;\">\u201cEstamos muy contentos de reiniciar esta ruta interregional, por la cual conectaremos Cusco y Arequipa, permitiendo que las personas que requieran trasladarse por motivos esenciales lo hagan de forma r\u00e1pida y segura. Asimismo, garantizamos el riguroso cumplimiento de los protocolos de bioseguridad para que nuestros pasajeros puedan volar tranquilos\u201d, afirm\u00f3 Jos\u00e9 Ra\u00fal Vargas, gerente general de SKY Per\u00fa.<\/span><\/p>\n<p><span style=\"color: #000000;\">El ejecutivo indic\u00f3, adem\u00e1s, que cuentan con un personal altamente capacitado y orientado a asegurar la satisfacci\u00f3n y bienestar de sus clientes. Asegur\u00f3 la eficacia registrada de las naves A320 Neo por su capacidad de cambiar el aire cada 3 minutos por completo, logrando un ambiente limpio y desinfectado, cumpliendo con los mismos est\u00e1ndares de higiene que un quir\u00f3fano m\u00e9dico.<\/span><\/p>\n<p><span style=\"color: #000000;\">La compa\u00f1\u00eda inform\u00f3 tambi\u00e9n que dispondr\u00e1 de alcohol en gel para uso de los pasajeros y desinfectar\u00e1 los ba\u00f1os cada 15 minutos durante todos los vuelos.<\/span><\/p>\n<p><span style=\"color: #000000;\">La aerol\u00ednea tambi\u00e9n ha suprimido la venta a bordo y las revistas de entretenimiento en los compartimentos de los asientos.<\/span><\/p>\n<p><span style=\"color: #000000;\">Por \u00faltimo, record\u00f3 que es obligatorio que los pasajeros porten su mascarilla y protector facial durante todo el vuelo y eviten los desplazamientos dentro del avi\u00f3n, a menos que sean estrictamente necesarios.<\/span><\/p>\n","protected":false},"excerpt":{"rendered":"<p>Ratifica protocolo de desinfecci\u00f3n de aeronaves como requiere la OMS Lima, 21 Enero 2021, (ANDINA).- La aerol\u00ednea Sky Airline inform\u00f3 que ayer reanud\u00f3 sus vuelos interregionales en la ruta Cusco-Arequipa y afirm\u00f3 que esta medida forma parte de su proceso de reactivaci\u00f3n econ\u00f3mica y est\u00e1 acorde con las actividades de movilizaci\u00f3n esencial. \u201cEstamos muy contentos [&hellip;]<\/p>\n","protected":false},"author":1,"featured_media":91156,"comment_status":"open","ping_status":"open","sticky":false,"template":"","format":"standard","meta":{"rop_custom_images_group":[],"rop_custom_messages_group":[],"rop_publish_now":"initial","rop_publish_now_accounts":[],"rop_publish_now_history":[],"rop_publish_now_status":"pending","footnotes":""},"categories":[10],"tags":[769,1226,6343],"class_list":["post-91155","post","type-post","status-publish","format-standard","has-post-thumbnail","hentry","category-actualidad-municipal","tag-arequipa","tag-cusco","tag-sky-peru"],"_links":{"self":[{"href":"https:\/\/elinformanteperu.com\/index.php\/wp-json\/wp\/v2\/posts\/91155","targetHints":{"allow":["GET"]}}],"collection":[{"href":"https:\/\/elinformanteperu.com\/index.php\/wp-json\/wp\/v2\/posts"}],"about":[{"href":"https:\/\/elinformanteperu.com\/index.php\/wp-json\/wp\/v2\/types\/post"}],"author":[{"embeddable":true,"href":"https:\/\/elinformanteperu.com\/index.php\/wp-json\/wp\/v2\/users\/1"}],"replies":[{"embeddable":true,"href":"https:\/\/elinformanteperu.com\/index.php\/wp-json\/wp\/v2\/comments?post=91155"}],"version-history":[{"count":1,"href":"https:\/\/elinformanteperu.com\/index.php\/wp-json\/wp\/v2\/posts\/91155\/revisions"}],"predecessor-version":[{"id":91157,"href":"https:\/\/elinformanteperu.com\/index.php\/wp-json\/wp\/v2\/posts\/91155\/revisions\/91157"}],"wp:featuredmedia":[{"embeddable":true,"href":"https:\/\/elinformanteperu.com\/index.php\/wp-json\/wp\/v2\/media\/91156"}],"wp:attachment":[{"href":"https:\/\/elinformanteperu.com\/index.php\/wp-json\/wp\/v2\/media?parent=91155"}],"wp:term":[{"taxonomy":"category","embeddable":true,"href":"https:\/\/elinformanteperu.com\/index.php\/wp-json\/wp\/v2\/categories?post=91155"},{"taxonomy":"post_tag","embeddable":true,"href":"https:\/\/elinformanteperu.com\/index.php\/wp-json\/wp\/v2\/tags?post=91155"}],"curies":[{"name":"wp","href":"https:\/\/api.w.org\/{rel}","templated":true}]}}